{"id":4936,"date":"2023-09-25T19:14:27","date_gmt":"2023-09-25T22:14:27","guid":{"rendered":"http:\/\/cultura.sma.gob.ar\/?p=4936"},"modified":"2023-09-25T19:16:29","modified_gmt":"2023-09-25T22:16:29","slug":"acusticos-en-la-sala-con_ciertos-liricos","status":"publish","type":"post","link":"https:\/\/cultura.sma.gob.ar\/?p=4936","title":{"rendered":"Ac\u00fasticos en la Sala: Con_Ciertos L\u00edricos"},"content":{"rendered":"\n<figure class=\"wp-block-image size-large\"><img loading=\"lazy\" decoding=\"async\" width=\"1024\" height=\"1024\" src=\"http:\/\/cultura.sma.gob.ar\/wp-content\/uploads\/2023\/09\/flyer-CONCIERTO-LIRICO-1024x1024.jpg\" alt=\"\" class=\"wp-image-4937\" srcset=\"https:\/\/cultura.sma.gob.ar\/wp-content\/uploads\/2023\/09\/flyer-CONCIERTO-LIRICO-1024x1024.jpg 1024w, https:\/\/cultura.sma.gob.ar\/wp-content\/uploads\/2023\/09\/flyer-CONCIERTO-LIRICO-300x300.jpg 300w, https:\/\/cultura.sma.gob.ar\/wp-content\/uploads\/2023\/09\/flyer-CONCIERTO-LIRICO-150x150.jpg 150w, https:\/\/cultura.sma.gob.ar\/wp-content\/uploads\/2023\/09\/flyer-CONCIERTO-LIRICO-768x768.jpg 768w, https:\/\/cultura.sma.gob.ar\/wp-content\/uploads\/2023\/09\/flyer-CONCIERTO-LIRICO-1536x1536.jpg 1536w, https:\/\/cultura.sma.gob.ar\/wp-content\/uploads\/2023\/09\/flyer-CONCIERTO-LIRICO-2048x2048.jpg 2048w, https:\/\/cultura.sma.gob.ar\/wp-content\/uploads\/2023\/09\/flyer-CONCIERTO-LIRICO-90x90.jpg 90w\" sizes=\"auto, (max-width: 1024px) 100vw, 1024px\" \/><\/figure>\n\n\n\n<p>Actividad especial &#8221;Ac\u00fasticos en la Sala&#8221;: CON_CIERTOS L\u00cdIRCOS<\/p>\n\n\n\n<p>Ser\u00e1 el s\u00e1bado 30 de septiembre, a las 20 hs, en la Sala Municipal de Exposiciones Lidaura Chapitel.<\/p>\n\n\n\n<p>En esta ocasi\u00f3n se presentar\u00e1n: Cintia Alvarado &#8211; Soprano<\/p>\n\n\n\n<p>Alejandro Filleaudeau &#8211; Tenor<\/p>\n\n\n\n<p>Milton Miller &#8211; Bar\u00edtono<\/p>\n\n\n\n<p>Ver\u00f3nica Cavallini &#8211; Piano<\/p>\n\n\n\n<p>\u00c1reas de \u00f3pera:<\/p>\n\n\n\n<p>Canciones<\/p>\n\n\n\n<p>Canzonettas<\/p>\n\n\n\n<p>Programa concierto<br><\/p>\n\n\n\n<p>Parte 1<\/p>\n\n\n\n<p>-Panis angelicus &#8211; Cesar franck.<br>-Ombra mai fu &#8211; xerxes- Haendel.<br>-La rosa y el sauce &#8211; Guastavino &#8211;<br>-Sue\u00f1o de az\u00facar &#8211; Remo.Pignoni.<br>-Dein ist mein Ganzes herz &#8211; Lehar.<br>-A Clhoris &#8211; Hahn.<br>-Au font du temple sainte &#8211; Bizet.<br><\/p>\n\n\n\n<p>Parte 2<br><\/p>\n\n\n\n<p>-Core n&#8217; grato &#8211; Cardillo.<br>-Son pur queste&#8230; Nabucco &#8211; Verdi.<br>-Canci\u00f3n de cuna india &#8211; Gilardi.<br>-Vesti la giubba &#8211; I pagliacci &#8211; Leoncavallo.<br>-Amor vida de mi vida, Moreno &#8211; Torroba.<br>-El Majo discreto &#8211; Granados.<br>-Nessun Dorma &#8211; Puccini<\/p>\n\n\n\n<p>BONO CONTRIBUCI\u00d3N A BENEFICIO DE LA ASOCIACI\u00d3N AMIGOS DE LA SALA<\/p>\n","protected":false},"excerpt":{"rendered":"<p>Actividad especial &#8221;Ac\u00fasticos en la Sala&#8221;: CON_CIERTOS L\u00cdIRCOS Ser\u00e1 el s\u00e1bado 30 de septiembre, a las 20 hs, en la Sala Municipal de Exposiciones Lidaura Chapitel. En esta ocasi\u00f3n se presentar\u00e1n: Cintia Alvarado &#8211; Soprano Alejandro Filleaudeau &#8211; Tenor Milton Miller &#8211; Bar\u00edtono Ver\u00f3nica Cavallini &#8211; Piano \u00c1reas de \u00f3pera: Canciones Canzonettas Programa concierto Parte 1 -Panis angelicus &#8211; Cesar franck.-Ombra mai fu &#8211; xerxes- &hellip; <a href=\"https:\/\/cultura.sma.gob.ar\/?p=4936\" class=\"more-link\">Continue reading <span class=\"screen-reader-text\">Ac\u00fasticos en la Sala: Con_Ciertos L\u00edricos<\/span><\/a><\/p>\n","protected":false},"author":1,"featured_media":295,"comment_status":"closed","ping_status":"","sticky":false,"template":"","format":"image","meta":{"footnotes":""},"categories":[6,9],"tags":[],"class_list":["post-4936","post","type-post","status-publish","format-image","has-post-thumbnail","hentry","category-sala-lidaura-chapitel","category-ultimas-noticias","post_format-post-format-image"],"_links":{"self":[{"href":"https:\/\/cultura.sma.gob.ar\/index.php?rest_route=\/wp\/v2\/posts\/4936","targetHints":{"allow":["GET"]}}],"collection":[{"href":"https:\/\/cultura.sma.gob.ar\/index.php?rest_route=\/wp\/v2\/posts"}],"about":[{"href":"https:\/\/cultura.sma.gob.ar\/index.php?rest_route=\/wp\/v2\/types\/post"}],"author":[{"embeddable":true,"href":"https:\/\/cultura.sma.gob.ar\/index.php?rest_route=\/wp\/v2\/users\/1"}],"replies":[{"embeddable":true,"href":"https:\/\/cultura.sma.gob.ar\/index.php?rest_route=%2Fwp%2Fv2%2Fcomments&post=4936"}],"version-history":[{"count":3,"href":"https:\/\/cultura.sma.gob.ar\/index.php?rest_route=\/wp\/v2\/posts\/4936\/revisions"}],"predecessor-version":[{"id":4940,"href":"https:\/\/cultura.sma.gob.ar\/index.php?rest_route=\/wp\/v2\/posts\/4936\/revisions\/4940"}],"wp:featuredmedia":[{"embeddable":true,"href":"https:\/\/cultura.sma.gob.ar\/index.php?rest_route=\/wp\/v2\/media\/295"}],"wp:attachment":[{"href":"https:\/\/cultura.sma.gob.ar\/index.php?rest_route=%2Fwp%2Fv2%2Fmedia&parent=4936"}],"wp:term":[{"taxonomy":"category","embeddable":true,"href":"https:\/\/cultura.sma.gob.ar\/index.php?rest_route=%2Fwp%2Fv2%2Fcategories&post=4936"},{"taxonomy":"post_tag","embeddable":true,"href":"https:\/\/cultura.sma.gob.ar\/index.php?rest_route=%2Fwp%2Fv2%2Ftags&post=4936"}],"curies":[{"name":"wp","href":"https:\/\/api.w.org\/{rel}","templated":true}]}}