{"id":4933,"date":"2023-09-25T19:06:58","date_gmt":"2023-09-25T22:06:58","guid":{"rendered":"http:\/\/cultura.sma.gob.ar\/?p=4933"},"modified":"2023-09-25T19:06:58","modified_gmt":"2023-09-25T22:06:58","slug":"la-ola-en-el-cineclub-comunitario","status":"publish","type":"post","link":"https:\/\/cultura.sma.gob.ar\/?p=4933","title":{"rendered":"&#8220;La Ola&#8221; en el Cineclub Comunitario"},"content":{"rendered":"\n<figure class=\"wp-block-image size-large\"><img loading=\"lazy\" decoding=\"async\" width=\"576\" height=\"1024\" src=\"http:\/\/cultura.sma.gob.ar\/wp-content\/uploads\/2023\/09\/Cineclub-La-Ola-Story-576x1024.jpeg\" alt=\"\" class=\"wp-image-4934\" srcset=\"https:\/\/cultura.sma.gob.ar\/wp-content\/uploads\/2023\/09\/Cineclub-La-Ola-Story-576x1024.jpeg 576w, https:\/\/cultura.sma.gob.ar\/wp-content\/uploads\/2023\/09\/Cineclub-La-Ola-Story-169x300.jpeg 169w, https:\/\/cultura.sma.gob.ar\/wp-content\/uploads\/2023\/09\/Cineclub-La-Ola-Story-51x90.jpeg 51w, https:\/\/cultura.sma.gob.ar\/wp-content\/uploads\/2023\/09\/Cineclub-La-Ola-Story.jpeg 720w\" sizes=\"auto, (max-width: 576px) 100vw, 576px\" \/><\/figure>\n\n\n\n<p>El pr\u00f3ximo s\u00e1bado, 30 de septiembre a las 19hs en Sarmiento N\u00b0340, FM Pocahullo, llega una nueva proyecci\u00f3n del Cineclub Comunitario. En esta oportunidad es el turno de &#8220;LA OLA (Die welle)&#8221;, Alemania, 2008, escrita y dirigida por Dennis Gansel y protagonizada por J\u00fcrgen Vogel. &#8220;En Alemania, durante la semana de proyectos, al profesor de instituto Rainer Wenger (J\u00fcrgen Vogel) se le ocurre hacer un experimento para explicar a sus alumnos el funcionamiento de un r\u00e9gimen totalitario. En apenas unos d\u00edas, lo que parec\u00eda una prueba inocua basada en la disciplina y el sentimiento de comunidad va derivando hacia una situaci\u00f3n sobre la que el profesor pierde todo control. (FILMAFFINITY)&#8221; El multipremiado drama, basado en hechos reales, con un grupo de adolescentes llevando la acci\u00f3n, es una nueva excusa para juntarnos a disfrutar una gran pel\u00edcula y conversar acerca de nuestra realidad. La entrada, como siempre, es libre y gratuita. Acercate con tu mate.Te esperamos.<\/p>\n","protected":false},"excerpt":{"rendered":"<p>El pr\u00f3ximo s\u00e1bado, 30 de septiembre a las 19hs en Sarmiento N\u00b0340, FM Pocahullo, llega una nueva proyecci\u00f3n del Cineclub Comunitario. En esta oportunidad es el turno de &#8220;LA OLA (Die welle)&#8221;, Alemania, 2008, escrita y dirigida por Dennis Gansel y protagonizada por J\u00fcrgen Vogel. &#8220;En Alemania, durante la semana de proyectos, al profesor de instituto Rainer Wenger (J\u00fcrgen Vogel) se le ocurre hacer un &hellip; <a href=\"https:\/\/cultura.sma.gob.ar\/?p=4933\" class=\"more-link\">Continue reading <span class=\"screen-reader-text\">&#8220;La Ola&#8221; en el Cineclub Comunitario<\/span><\/a><\/p>\n","protected":false},"author":1,"featured_media":297,"comment_status":"closed","ping_status":"","sticky":false,"template":"","format":"image","meta":{"footnotes":""},"categories":[2,9],"tags":[],"class_list":["post-4933","post","type-post","status-publish","format-image","has-post-thumbnail","hentry","category-ciudad-cultural","category-ultimas-noticias","post_format-post-format-image"],"_links":{"self":[{"href":"https:\/\/cultura.sma.gob.ar\/index.php?rest_route=\/wp\/v2\/posts\/4933","targetHints":{"allow":["GET"]}}],"collection":[{"href":"https:\/\/cultura.sma.gob.ar\/index.php?rest_route=\/wp\/v2\/posts"}],"about":[{"href":"https:\/\/cultura.sma.gob.ar\/index.php?rest_route=\/wp\/v2\/types\/post"}],"author":[{"embeddable":true,"href":"https:\/\/cultura.sma.gob.ar\/index.php?rest_route=\/wp\/v2\/users\/1"}],"replies":[{"embeddable":true,"href":"https:\/\/cultura.sma.gob.ar\/index.php?rest_route=%2Fwp%2Fv2%2Fcomments&post=4933"}],"version-history":[{"count":1,"href":"https:\/\/cultura.sma.gob.ar\/index.php?rest_route=\/wp\/v2\/posts\/4933\/revisions"}],"predecessor-version":[{"id":4935,"href":"https:\/\/cultura.sma.gob.ar\/index.php?rest_route=\/wp\/v2\/posts\/4933\/revisions\/4935"}],"wp:featuredmedia":[{"embeddable":true,"href":"https:\/\/cultura.sma.gob.ar\/index.php?rest_route=\/wp\/v2\/media\/297"}],"wp:attachment":[{"href":"https:\/\/cultura.sma.gob.ar\/index.php?rest_route=%2Fwp%2Fv2%2Fmedia&parent=4933"}],"wp:term":[{"taxonomy":"category","embeddable":true,"href":"https:\/\/cultura.sma.gob.ar\/index.php?rest_route=%2Fwp%2Fv2%2Fcategories&post=4933"},{"taxonomy":"post_tag","embeddable":true,"href":"https:\/\/cultura.sma.gob.ar\/index.php?rest_route=%2Fwp%2Fv2%2Ftags&post=4933"}],"curies":[{"name":"wp","href":"https:\/\/api.w.org\/{rel}","templated":true}]}}