{"id":4925,"date":"2023-09-19T20:18:27","date_gmt":"2023-09-19T23:18:27","guid":{"rendered":"http:\/\/cultura.sma.gob.ar\/?p=4925"},"modified":"2023-09-19T20:18:27","modified_gmt":"2023-09-19T23:18:27","slug":"conversatorio-de-intendentes-de-la-democracia","status":"publish","type":"post","link":"https:\/\/cultura.sma.gob.ar\/?p=4925","title":{"rendered":"CONVERSATORIO DE INTENDENTES DE LA DEMOCRACIA"},"content":{"rendered":"\n<figure class=\"wp-block-image size-large\"><img loading=\"lazy\" decoding=\"async\" width=\"1000\" height=\"1000\" src=\"http:\/\/cultura.sma.gob.ar\/wp-content\/uploads\/2023\/09\/Imagen-de-WhatsApp-2023-09-19-a-las-19.25.47.jpg\" alt=\"\" class=\"wp-image-4926\" srcset=\"https:\/\/cultura.sma.gob.ar\/wp-content\/uploads\/2023\/09\/Imagen-de-WhatsApp-2023-09-19-a-las-19.25.47.jpg 1000w, https:\/\/cultura.sma.gob.ar\/wp-content\/uploads\/2023\/09\/Imagen-de-WhatsApp-2023-09-19-a-las-19.25.47-300x300.jpg 300w, https:\/\/cultura.sma.gob.ar\/wp-content\/uploads\/2023\/09\/Imagen-de-WhatsApp-2023-09-19-a-las-19.25.47-150x150.jpg 150w, https:\/\/cultura.sma.gob.ar\/wp-content\/uploads\/2023\/09\/Imagen-de-WhatsApp-2023-09-19-a-las-19.25.47-768x768.jpg 768w, https:\/\/cultura.sma.gob.ar\/wp-content\/uploads\/2023\/09\/Imagen-de-WhatsApp-2023-09-19-a-las-19.25.47-90x90.jpg 90w\" sizes=\"auto, (max-width: 1000px) 100vw, 1000px\" \/><\/figure>\n\n\n\n<p>El mismo ser\u00e1 coordinado por la periodista Graciela V\u00e1zquez Moure, y contar\u00e1 con la participaci\u00f3n de Ra\u00fal Miguel, Sergio Schroh, Jorge Carro, Cristina Frugoni y Carlos Saloniti, intendentes de nuestra ciudad que fueron electos a lo largo de estos \u00faltimos 40 a\u00f1os.<\/p>\n\n\n\n<p>Al finalizar el Conversatorio se realizar\u00e1 la presentaci\u00f3n formal de la muestra &#8221;40 a\u00f1os &#8211; 40 fotos: EL ALMA EXPUESTA DE LA DEMOCRACIA&#8221;, que est\u00e1 compuesta de 42 fotograf\u00edas de reporteros de diversos medios gr\u00e1ficos del pa\u00eds. Se invita a la comunidad a participar de estas actividades que se llevar\u00e1n a cabo con el prop\u00f3sito de contribuir a la valoraci\u00f3n de nuestra democracia, fomentando la participaci\u00f3n ciudadana y contribuyendo al desarrollo de una sociedad justa y equitativa.<\/p>\n\n\n\n<p> Sala Municipal de Exposiciones Lidaura Chapitel:<\/p>\n\n\n\n<ul class=\"wp-block-list\"><li>Conversatorio con intendentes de la democracia &#8211; 22 de septiembre, 19hs.<\/li><\/ul>\n\n\n\n<ul class=\"wp-block-list\"><li>Inauguraci\u00f3n muestra &#8221;40 a\u00f1os &#8211; 40 fotos: EL ALMA EXPUESTA DE LA DEMOCRACIA&#8221; &#8211; 22 de septiembre, 20hs<\/li><\/ul>\n","protected":false},"excerpt":{"rendered":"<p>El mismo ser\u00e1 coordinado por la periodista Graciela V\u00e1zquez Moure, y contar\u00e1 con la participaci\u00f3n de Ra\u00fal Miguel, Sergio Schroh, Jorge Carro, Cristina Frugoni y Carlos Saloniti, intendentes de nuestra ciudad que fueron electos a lo largo de estos \u00faltimos 40 a\u00f1os. Al finalizar el Conversatorio se realizar\u00e1 la presentaci\u00f3n formal de la muestra &#8221;40 a\u00f1os &#8211; 40 fotos: EL ALMA EXPUESTA DE LA DEMOCRACIA&#8221;, &hellip; <a href=\"https:\/\/cultura.sma.gob.ar\/?p=4925\" class=\"more-link\">Continue reading <span class=\"screen-reader-text\">CONVERSATORIO DE INTENDENTES DE LA DEMOCRACIA<\/span><\/a><\/p>\n","protected":false},"author":1,"featured_media":295,"comment_status":"closed","ping_status":"","sticky":false,"template":"","format":"image","meta":{"footnotes":""},"categories":[6,9],"tags":[],"class_list":["post-4925","post","type-post","status-publish","format-image","has-post-thumbnail","hentry","category-sala-lidaura-chapitel","category-ultimas-noticias","post_format-post-format-image"],"_links":{"self":[{"href":"https:\/\/cultura.sma.gob.ar\/index.php?rest_route=\/wp\/v2\/posts\/4925","targetHints":{"allow":["GET"]}}],"collection":[{"href":"https:\/\/cultura.sma.gob.ar\/index.php?rest_route=\/wp\/v2\/posts"}],"about":[{"href":"https:\/\/cultura.sma.gob.ar\/index.php?rest_route=\/wp\/v2\/types\/post"}],"author":[{"embeddable":true,"href":"https:\/\/cultura.sma.gob.ar\/index.php?rest_route=\/wp\/v2\/users\/1"}],"replies":[{"embeddable":true,"href":"https:\/\/cultura.sma.gob.ar\/index.php?rest_route=%2Fwp%2Fv2%2Fcomments&post=4925"}],"version-history":[{"count":1,"href":"https:\/\/cultura.sma.gob.ar\/index.php?rest_route=\/wp\/v2\/posts\/4925\/revisions"}],"predecessor-version":[{"id":4927,"href":"https:\/\/cultura.sma.gob.ar\/index.php?rest_route=\/wp\/v2\/posts\/4925\/revisions\/4927"}],"wp:featuredmedia":[{"embeddable":true,"href":"https:\/\/cultura.sma.gob.ar\/index.php?rest_route=\/wp\/v2\/media\/295"}],"wp:attachment":[{"href":"https:\/\/cultura.sma.gob.ar\/index.php?rest_route=%2Fwp%2Fv2%2Fmedia&parent=4925"}],"wp:term":[{"taxonomy":"category","embeddable":true,"href":"https:\/\/cultura.sma.gob.ar\/index.php?rest_route=%2Fwp%2Fv2%2Fcategories&post=4925"},{"taxonomy":"post_tag","embeddable":true,"href":"https:\/\/cultura.sma.gob.ar\/index.php?rest_route=%2Fwp%2Fv2%2Ftags&post=4925"}],"curies":[{"name":"wp","href":"https:\/\/api.w.org\/{rel}","templated":true}]}}