{"id":4919,"date":"2023-09-19T20:11:14","date_gmt":"2023-09-19T23:11:14","guid":{"rendered":"http:\/\/cultura.sma.gob.ar\/?p=4919"},"modified":"2023-09-19T20:11:14","modified_gmt":"2023-09-19T23:11:14","slug":"exposicion-fotografica-conversatorio-con-intendentes-de-la-democracia","status":"publish","type":"post","link":"https:\/\/cultura.sma.gob.ar\/?p=4919","title":{"rendered":"EXPOSICI\u00d3N FOTOGR\u00c1FICA + CONVERSATORIO CON INTENDENTES DE LA DEMOCRACIA"},"content":{"rendered":"\n<figure class=\"wp-block-image size-large\"><img loading=\"lazy\" decoding=\"async\" width=\"1000\" height=\"1000\" src=\"http:\/\/cultura.sma.gob.ar\/wp-content\/uploads\/2023\/09\/FLYERA_1.jpg\" alt=\"\" class=\"wp-image-4920\" srcset=\"https:\/\/cultura.sma.gob.ar\/wp-content\/uploads\/2023\/09\/FLYERA_1.jpg 1000w, https:\/\/cultura.sma.gob.ar\/wp-content\/uploads\/2023\/09\/FLYERA_1-300x300.jpg 300w, https:\/\/cultura.sma.gob.ar\/wp-content\/uploads\/2023\/09\/FLYERA_1-150x150.jpg 150w, https:\/\/cultura.sma.gob.ar\/wp-content\/uploads\/2023\/09\/FLYERA_1-768x768.jpg 768w, https:\/\/cultura.sma.gob.ar\/wp-content\/uploads\/2023\/09\/FLYERA_1-90x90.jpg 90w\" sizes=\"auto, (max-width: 1000px) 100vw, 1000px\" \/><\/figure>\n\n\n\n<p>El 22 de septiembre se inaugurar\u00e1 en la Sala Lidaura Chapitel la muestra fotogr\u00e1fica 40 A\u00d1OS &#8211; 40 FOTOS: EL ALMA EXPUESTA DE LA DEMOCRACIA, curada y organizada por la Asociaci\u00f3n de Reporteros Gr\u00e1ficos de la Rep\u00fablica Argentina (ARGRA) y por la Fundaci\u00f3n El Libro.<\/p>\n\n\n\n<p>Esta muestra propone un recorrido por 40 hitos que impactaron en la sociedad argentina en estas \u00faltimas cuatro d\u00e9cadas, y, hasta la fecha, solo se exhibi\u00f3 en la Feria Internacional del Libro de Buenos Aires y en el Congreso de la Naci\u00f3n Argentina.<\/p>\n\n\n\n<p>Su inauguraci\u00f3n incluye, a las 19 hs, el CONVERSATORIO DE INTENDENTES DE LA DEMOCRACIA, coordinado por la periodista Graciela V\u00e1zquez Moure, que contar\u00e1 con la participaci\u00f3n de seis intendentes de nuestra ciudad que fueron electos a lo largo de estos \u00faltimos 40 a\u00f1os.<\/p>\n\n\n\n<p>Al finalizar el Conversatorio se realizar\u00e1 la presentaci\u00f3n formal de la muestra, que est\u00e1 compuesta de 42 fotograf\u00edas de reporteros de diversos medios gr\u00e1ficos del pa\u00eds. Se invita a la comunidad a participar de estas actividades que se llevan a cabo con el prop\u00f3sito de contribuir a la valoraci\u00f3n de nuestra democracia, fomentando la participaci\u00f3n ciudadana y contribuyendo al desarrollo de una sociedad justa y equitativa.<\/p>\n\n\n\n<p>40 A\u00d1OS-40 FOTOS: EL ALMA EXPUESTA DE LA DEMOCRACIA. Por ARGRA Y FUNDACI\u00d3N EL LIBRO &#8211; Curador: RAFAEL CALVI\u00d1O<\/p>\n\n\n\n<p>La Fototeca ARGRA es la memoria de la fotograf\u00eda de prensa de Argentina conformada por distintos fondos (de autores de medios de comunicaci\u00f3n institucional y colecciones particulares) la principal secci\u00f3n consultada para la realizaci\u00f3n de esta exhibici\u00f3n es la de las Muestras Anuales de Fotoperiodismo Argentino.<\/p>\n\n\n\n<p>Estas muestras, que se realizan anualmente desde 1981, re\u00fanen las mejores fotos producidas por las reporteras y los reporteros gr\u00e1ficos de todo el pa\u00eds. A\u00f1o tras a\u00f1o se trasuntan en un editorial colectivo que retrata el rostro cambiante de la Argentina.<\/p>\n\n\n\n<p>Sala Municipal de Exposiciones Lidaura Chapitel:<\/p>\n\n\n\n<ul class=\"wp-block-list\"><li>Conversatorio con intendentes de la democracia &#8211; 22 de septiembre, 19hs. <\/li><li>Inauguraci\u00f3n muestra 40 a\u00f1os-40 fotos: el alma expuesta de la democracia &#8211; 22 de septiembre, 20hs<\/li><\/ul>\n\n\n\n<figure class=\"wp-block-image size-large\"><img loading=\"lazy\" decoding=\"async\" width=\"1000\" height=\"1000\" src=\"http:\/\/cultura.sma.gob.ar\/wp-content\/uploads\/2023\/09\/FLYERA_2.jpg\" alt=\"\" class=\"wp-image-4921\" srcset=\"https:\/\/cultura.sma.gob.ar\/wp-content\/uploads\/2023\/09\/FLYERA_2.jpg 1000w, https:\/\/cultura.sma.gob.ar\/wp-content\/uploads\/2023\/09\/FLYERA_2-300x300.jpg 300w, https:\/\/cultura.sma.gob.ar\/wp-content\/uploads\/2023\/09\/FLYERA_2-150x150.jpg 150w, https:\/\/cultura.sma.gob.ar\/wp-content\/uploads\/2023\/09\/FLYERA_2-768x768.jpg 768w, https:\/\/cultura.sma.gob.ar\/wp-content\/uploads\/2023\/09\/FLYERA_2-90x90.jpg 90w\" sizes=\"auto, (max-width: 1000px) 100vw, 1000px\" \/><\/figure>\n\n\n\n<figure class=\"wp-block-image size-large\"><img loading=\"lazy\" decoding=\"async\" width=\"1000\" height=\"1000\" src=\"http:\/\/cultura.sma.gob.ar\/wp-content\/uploads\/2023\/09\/FLYERA_3.jpg\" alt=\"\" class=\"wp-image-4922\" srcset=\"https:\/\/cultura.sma.gob.ar\/wp-content\/uploads\/2023\/09\/FLYERA_3.jpg 1000w, https:\/\/cultura.sma.gob.ar\/wp-content\/uploads\/2023\/09\/FLYERA_3-300x300.jpg 300w, https:\/\/cultura.sma.gob.ar\/wp-content\/uploads\/2023\/09\/FLYERA_3-150x150.jpg 150w, https:\/\/cultura.sma.gob.ar\/wp-content\/uploads\/2023\/09\/FLYERA_3-768x768.jpg 768w, https:\/\/cultura.sma.gob.ar\/wp-content\/uploads\/2023\/09\/FLYERA_3-90x90.jpg 90w\" sizes=\"auto, (max-width: 1000px) 100vw, 1000px\" \/><\/figure>\n","protected":false},"excerpt":{"rendered":"<p>El 22 de septiembre se inaugurar\u00e1 en la Sala Lidaura Chapitel la muestra fotogr\u00e1fica 40 A\u00d1OS &#8211; 40 FOTOS: EL ALMA EXPUESTA DE LA DEMOCRACIA, curada y organizada por la Asociaci\u00f3n de Reporteros Gr\u00e1ficos de la Rep\u00fablica Argentina (ARGRA) y por la Fundaci\u00f3n El Libro. Esta muestra propone un recorrido por 40 hitos que impactaron en la sociedad argentina en estas \u00faltimas cuatro d\u00e9cadas, y, &hellip; <a href=\"https:\/\/cultura.sma.gob.ar\/?p=4919\" class=\"more-link\">Continue reading <span class=\"screen-reader-text\">EXPOSICI\u00d3N FOTOGR\u00c1FICA + CONVERSATORIO CON INTENDENTES DE LA DEMOCRACIA<\/span><\/a><\/p>\n","protected":false},"author":1,"featured_media":295,"comment_status":"closed","ping_status":"","sticky":false,"template":"","format":"image","meta":{"footnotes":""},"categories":[6,9],"tags":[],"class_list":["post-4919","post","type-post","status-publish","format-image","has-post-thumbnail","hentry","category-sala-lidaura-chapitel","category-ultimas-noticias","post_format-post-format-image"],"_links":{"self":[{"href":"https:\/\/cultura.sma.gob.ar\/index.php?rest_route=\/wp\/v2\/posts\/4919","targetHints":{"allow":["GET"]}}],"collection":[{"href":"https:\/\/cultura.sma.gob.ar\/index.php?rest_route=\/wp\/v2\/posts"}],"about":[{"href":"https:\/\/cultura.sma.gob.ar\/index.php?rest_route=\/wp\/v2\/types\/post"}],"author":[{"embeddable":true,"href":"https:\/\/cultura.sma.gob.ar\/index.php?rest_route=\/wp\/v2\/users\/1"}],"replies":[{"embeddable":true,"href":"https:\/\/cultura.sma.gob.ar\/index.php?rest_route=%2Fwp%2Fv2%2Fcomments&post=4919"}],"version-history":[{"count":1,"href":"https:\/\/cultura.sma.gob.ar\/index.php?rest_route=\/wp\/v2\/posts\/4919\/revisions"}],"predecessor-version":[{"id":4923,"href":"https:\/\/cultura.sma.gob.ar\/index.php?rest_route=\/wp\/v2\/posts\/4919\/revisions\/4923"}],"wp:featuredmedia":[{"embeddable":true,"href":"https:\/\/cultura.sma.gob.ar\/index.php?rest_route=\/wp\/v2\/media\/295"}],"wp:attachment":[{"href":"https:\/\/cultura.sma.gob.ar\/index.php?rest_route=%2Fwp%2Fv2%2Fmedia&parent=4919"}],"wp:term":[{"taxonomy":"category","embeddable":true,"href":"https:\/\/cultura.sma.gob.ar\/index.php?rest_route=%2Fwp%2Fv2%2Fcategories&post=4919"},{"taxonomy":"post_tag","embeddable":true,"href":"https:\/\/cultura.sma.gob.ar\/index.php?rest_route=%2Fwp%2Fv2%2Ftags&post=4919"}],"curies":[{"name":"wp","href":"https:\/\/api.w.org\/{rel}","templated":true}]}}