{"id":4914,"date":"2023-09-18T19:44:41","date_gmt":"2023-09-18T22:44:41","guid":{"rendered":"http:\/\/cultura.sma.gob.ar\/?p=4914"},"modified":"2023-09-22T11:11:20","modified_gmt":"2023-09-22T14:11:20","slug":"se-viene-una-nueva-feria-del-libro-recordando-los-40-anos-de-democracia","status":"publish","type":"post","link":"https:\/\/cultura.sma.gob.ar\/?p=4914","title":{"rendered":"Se viene una nueva Feria del Libro, recordando los 40 a\u00f1os de democracia"},"content":{"rendered":"\n<figure class=\"wp-block-image size-large\"><img loading=\"lazy\" decoding=\"async\" width=\"1024\" height=\"1024\" src=\"http:\/\/cultura.sma.gob.ar\/wp-content\/uploads\/2023\/09\/SMA-GE0008-Feria-del-Libro-RRSS_1x1-1024x1024.jpg\" alt=\"\" class=\"wp-image-4916\" srcset=\"https:\/\/cultura.sma.gob.ar\/wp-content\/uploads\/2023\/09\/SMA-GE0008-Feria-del-Libro-RRSS_1x1-1024x1024.jpg 1024w, https:\/\/cultura.sma.gob.ar\/wp-content\/uploads\/2023\/09\/SMA-GE0008-Feria-del-Libro-RRSS_1x1-300x300.jpg 300w, https:\/\/cultura.sma.gob.ar\/wp-content\/uploads\/2023\/09\/SMA-GE0008-Feria-del-Libro-RRSS_1x1-150x150.jpg 150w, https:\/\/cultura.sma.gob.ar\/wp-content\/uploads\/2023\/09\/SMA-GE0008-Feria-del-Libro-RRSS_1x1-768x768.jpg 768w, https:\/\/cultura.sma.gob.ar\/wp-content\/uploads\/2023\/09\/SMA-GE0008-Feria-del-Libro-RRSS_1x1-1536x1536.jpg 1536w, https:\/\/cultura.sma.gob.ar\/wp-content\/uploads\/2023\/09\/SMA-GE0008-Feria-del-Libro-RRSS_1x1-2048x2048.jpg 2048w, https:\/\/cultura.sma.gob.ar\/wp-content\/uploads\/2023\/09\/SMA-GE0008-Feria-del-Libro-RRSS_1x1-90x90.jpg 90w\" sizes=\"auto, (max-width: 1024px) 100vw, 1024px\" \/><\/figure>\n\n\n\n<p>Entre el 7 y el 14 de octubre, bajo el lema <em>\u201c40 a\u00f1os de democracia, libros de la buena memoria\u201d<\/em>, se desarrollar\u00e1 en San Mart\u00edn de los Andes una nueva edici\u00f3n de la Feria Regional del Libro.<\/p>\n\n\n\n<p>En la carpa emplazada sobre calle Drury, habr\u00e1 30 stands de venta y exposici\u00f3n de libros. Y en el auditorio contiguo, que funcionar\u00e1 en la Sala Chapitel, se presentar\u00e1n reconocidos escritores y escritoras del \u00e1mbito nacional y regional, como Guillermo Mart\u00ednez, Mart\u00edn Blasco, Agustina Caride, Liliana Ancalao, Daniel Mecca, Pablo Ramos, Santiago Rey, Victoria Bisheimer, Luciano Saracino y Carlota Del Campo.<\/p>\n\n\n\n<p>En total habr\u00e1 m\u00e1s de 100 actividades, entre presentaciones de libros, conversatorios y talleres.<\/p>\n\n\n\n<p>La Feria permitir\u00e1 tambi\u00e9n recorrer la muestra \u201c40 a\u00f1os &#8211; 40 fotos: el alma expuesta de la democracia\u201d, producida por la Asociaci\u00f3n de Reporteros Gr\u00e1ficos de la Rep\u00fablica Argentina (ARGRA) y la Fundaci\u00f3n El Libro, que hasta ahora solo se exhibi\u00f3 en la Feria Internacional del Libro de Buenos Aires y en el Congreso de la Naci\u00f3n.&nbsp;<\/p>\n\n\n\n<p>Como siempre, el evento incluir\u00e1 adem\u00e1s las \u201cactividades anexas\u201d en bibliotecas populares, escuelas, ISFD N\u00b03, Espacio Trama,\u00a0y Sal\u00f3n &#8220;Maestras Latinoamericanas&#8221;\u00a0de\u00a0ATEN.<\/p>\n\n\n\n<p>La 17\u00b0 Feria Regional del Libro se inaugurar\u00e1 el s\u00e1bado 7 de octubre, a las 18:30 hs, y se extender\u00e1 hasta el s\u00e1bado siguiente. Estar\u00e1 abierta al p\u00fablico todos los d\u00edas a partir de las 14 hs, e incluir\u00e1 tambi\u00e9n horarios especiales para visitas de escuelas.<\/p>\n\n\n\n<p>Todas sus actividades ser\u00e1n libres y gratuitas.<\/p>\n\n\n\n<p>La organizaci\u00f3n est\u00e1 a cargo de la Secretar\u00eda de Cultura y Educaci\u00f3n, y de una Comisi\u00f3n integrada por Biblioteca Popular La Cascada, Biblioteca Popular Ruca Trabun, Biblioteca Popular 9 de Julio, Biblioteca del Parque Nacional Lanin, ISFD N\u00b03, Centro Editor Municipal, Editorial y librer\u00eda La Grieta, Editorial y librer\u00eda Patalibro, Mythos Libros, Editorial La Punta del Ovillo, Editorial Las Guachas y una representante de las escritoras y escritores locales.<\/p>\n\n\n\n<p>Para su realizaci\u00f3n cuenta con el apoyo de la Legislatura de la Provincia del Neuqu\u00e9n y el Ministerio de Cultura de la Naci\u00f3n.<\/p>\n\n\n\n<p>Para conocer m\u00e1s de la Feria, te recomendamos visitar la p\u00e1gina de la Secretar\u00eda de Cultura: <a href=\"http:\/\/cultura.sma.gob.ar\/\">http:\/\/cultura.sma.gob.ar\/<\/a>.<\/p>\n\n\n\n<p>Se invita a los vecinos y vecinas a compartir esta experiencia en redes sociales, etiquetando sus fotos con el hashtag&nbsp;#librosdelabuenamemoria.<\/p>\n","protected":false},"excerpt":{"rendered":"<p>Entre el 7 y el 14 de octubre, bajo el lema \u201c40 a\u00f1os de democracia, libros de la buena memoria\u201d, se desarrollar\u00e1 en San Mart\u00edn de los Andes una nueva edici\u00f3n de la Feria Regional del Libro. En la carpa emplazada sobre calle Drury, habr\u00e1 30 stands de venta y exposici\u00f3n de libros. Y en el auditorio contiguo, que funcionar\u00e1 en la Sala Chapitel, se &hellip; <a href=\"https:\/\/cultura.sma.gob.ar\/?p=4914\" class=\"more-link\">Continue reading <span class=\"screen-reader-text\">Se viene una nueva Feria del Libro, recordando los 40 a\u00f1os de democracia<\/span><\/a><\/p>\n","protected":false},"author":1,"featured_media":296,"comment_status":"closed","ping_status":"","sticky":false,"template":"","format":"image","meta":{"footnotes":""},"categories":[3,9],"tags":[],"class_list":["post-4914","post","type-post","status-publish","format-image","has-post-thumbnail","hentry","category-eventos-cultura","category-ultimas-noticias","post_format-post-format-image"],"_links":{"self":[{"href":"https:\/\/cultura.sma.gob.ar\/index.php?rest_route=\/wp\/v2\/posts\/4914","targetHints":{"allow":["GET"]}}],"collection":[{"href":"https:\/\/cultura.sma.gob.ar\/index.php?rest_route=\/wp\/v2\/posts"}],"about":[{"href":"https:\/\/cultura.sma.gob.ar\/index.php?rest_route=\/wp\/v2\/types\/post"}],"author":[{"embeddable":true,"href":"https:\/\/cultura.sma.gob.ar\/index.php?rest_route=\/wp\/v2\/users\/1"}],"replies":[{"embeddable":true,"href":"https:\/\/cultura.sma.gob.ar\/index.php?rest_route=%2Fwp%2Fv2%2Fcomments&post=4914"}],"version-history":[{"count":4,"href":"https:\/\/cultura.sma.gob.ar\/index.php?rest_route=\/wp\/v2\/posts\/4914\/revisions"}],"predecessor-version":[{"id":4931,"href":"https:\/\/cultura.sma.gob.ar\/index.php?rest_route=\/wp\/v2\/posts\/4914\/revisions\/4931"}],"wp:featuredmedia":[{"embeddable":true,"href":"https:\/\/cultura.sma.gob.ar\/index.php?rest_route=\/wp\/v2\/media\/296"}],"wp:attachment":[{"href":"https:\/\/cultura.sma.gob.ar\/index.php?rest_route=%2Fwp%2Fv2%2Fmedia&parent=4914"}],"wp:term":[{"taxonomy":"category","embeddable":true,"href":"https:\/\/cultura.sma.gob.ar\/index.php?rest_route=%2Fwp%2Fv2%2Fcategories&post=4914"},{"taxonomy":"post_tag","embeddable":true,"href":"https:\/\/cultura.sma.gob.ar\/index.php?rest_route=%2Fwp%2Fv2%2Ftags&post=4914"}],"curies":[{"name":"wp","href":"https:\/\/api.w.org\/{rel}","templated":true}]}}