{"id":4910,"date":"2023-09-17T18:47:07","date_gmt":"2023-09-17T21:47:07","guid":{"rendered":"http:\/\/cultura.sma.gob.ar\/?p=4910"},"modified":"2023-09-17T18:47:07","modified_gmt":"2023-09-17T21:47:07","slug":"vii-festival-de-clarinete-andino-patagonico-en-la-sala-amankay","status":"publish","type":"post","link":"https:\/\/cultura.sma.gob.ar\/?p=4910","title":{"rendered":"VII Festival de Clarinete Andino Patag\u00f3nico en la Sala Amankay"},"content":{"rendered":"\n<figure class=\"wp-block-image size-large\"><img loading=\"lazy\" decoding=\"async\" width=\"940\" height=\"670\" src=\"http:\/\/cultura.sma.gob.ar\/wp-content\/uploads\/2023\/09\/Flyer-Clarinetes-2.jpeg\" alt=\"\" class=\"wp-image-4911\" srcset=\"https:\/\/cultura.sma.gob.ar\/wp-content\/uploads\/2023\/09\/Flyer-Clarinetes-2.jpeg 940w, https:\/\/cultura.sma.gob.ar\/wp-content\/uploads\/2023\/09\/Flyer-Clarinetes-2-300x214.jpeg 300w, https:\/\/cultura.sma.gob.ar\/wp-content\/uploads\/2023\/09\/Flyer-Clarinetes-2-768x547.jpeg 768w, https:\/\/cultura.sma.gob.ar\/wp-content\/uploads\/2023\/09\/Flyer-Clarinetes-2-126x90.jpeg 126w\" sizes=\"auto, (max-width: 940px) 100vw, 940px\" \/><\/figure>\n\n\n\n<p>Del&nbsp;<strong>jueves 21 al domingo 24 de septiembre<\/strong>&nbsp;se llevar\u00e1 a cabo el&nbsp;<strong>VII FESTIVAL INTERNACIONAL DE CLARINETE ANDINO PATAG\u00d3NICO<\/strong>&nbsp;en las localidades de San Mart\u00edn de los Andes y&nbsp;<strong>Villa la Angostura<\/strong>. Las actividades en San Mart\u00edn de los Andes ser\u00e1n el jueves 21 y el viernes 22. &nbsp;<\/p>\n\n\n\n<p>Este a\u00f1o habr\u00e1 dos conciertos en nuestra localidad. El primero ser\u00e1 el&nbsp;<strong>JUEVES 21 DE SEPTIEMBRE a las 20 hs en LA ESCUELA SUPERIOR DE M\u00daSICA DE SAN MART\u00cdN DE LOS ANDES. En esta ocasi\u00f3n se realizar\u00e1 el ESTRENO MUNDIAL DE OBRAS ORIGINALES PARA CLARINETE<\/strong>, las cuales fueron seleccionadas por un grupo de profesores organizadores de la Primera Convocatoria de Obras Originales e In\u00e9ditas para Clarinete, siguiendo una propuesta de Walter K\u00f6rte y Amelia Saftich.&nbsp;<\/p>\n\n\n\n<p>El segundo ser\u00e1 el&nbsp;<strong><em>CONCIERTO DE APERTURA DEL FESTIVAL, el mismo JUEVES 21 DE SEPTIEMBRE A LAS 21 hs, en la Sala Amankay del CENTRO CULTURAL<\/em>&nbsp;COTESMA<\/strong>. Participar\u00e1n los Maestros Internacionales del Festival:&nbsp;<strong>Amalia Del Giudice, Jos\u00e9 Cabrera y Roberto T\u00fabaro<\/strong>. Tambi\u00e9n estar\u00e1 el grupo \u201cLeidis en Concierto\u201d conformado por Lorena Matus en vos, Marcela Falloni en piano, arreglos y composiciones originales, y Amelia Saftich como clarinetista y letrista; y el Coro de Clarinetes Andino Patag\u00f3nico integrado por Amelia Saftich, Moira Nitzsche y Sebasti\u00e1n Drach. &nbsp;<\/p>\n\n\n\n<p>El Festival Internacional de Clarinetes es un espacio de formaci\u00f3n para docentes y alumnos que durante 4 d\u00edas concurrir\u00e1n a masterclasses, ensambles de c\u00e1mara y sinf\u00f3nicos dictados y dirigidos por importantes maestros y solistas de nuestro pa\u00eds y de Paraguay:&nbsp;<strong>Jos\u00e9 Cabrera,&nbsp;<\/strong>solista de la Orquesta Sinf\u00f3nica Nacional de Paraguay;&nbsp;<strong>Amalia Del Giudice,&nbsp;<\/strong>solista del Teatro Argentino de La Plata e integrante de los grupos de c\u00e1mara \u201cTorre 7 Ensamble\u201d y \u201cDesir\u00e9e\u201d;y<strong>&nbsp;Roberto Tubaro,&nbsp;<\/strong>director de orquesta argentino que ha viajado por el mundo dirigiendo orquestas de renombre internacional. &nbsp;<\/p>\n\n\n\n<p><strong><em>El Festival se enmarca en los Proyectos de Extensi\u00f3n de la Escuela Superior de M\u00fasica de San Mart\u00edn de los Andes.&nbsp;&nbsp;Y tambi\u00e9n cuenta con el auspicio y acompa\u00f1amiento de las siguientes marcas e instituciones: Buffet Crampon- D Addario Woodwinds- BG Accesorios Musicales- Ministerio de las Culturas de Nqn&nbsp;&nbsp;&#8211; ATEN SMA- Centro Cultural COTESMA SMA- Centro de Convenciones de Villa la Angostura- Secretar\u00eda de Cultura de&nbsp;&nbsp;VLA &#8211; Concejo Deliberante de SMAndes y VLA- Impala accesorios- Rotary Club de SMA- Diputado Nacional por Neuquen Guillermo Carnaghi,&nbsp;&nbsp;Mirna G\u00f3mez y Santiago Fern\u00e1ndez- Legislatura del Neuqu\u00e9n. &nbsp;<\/em><\/strong><\/p>\n\n\n\n<p>Las actividades son&nbsp;<strong>libres y gratuitas<\/strong>&nbsp;y abiertas a todo p\u00fablico. &nbsp;<\/p>\n\n\n\n<p>Reiteramos entonces la invitaci\u00f3n a todos para concurrir a los&nbsp;<strong>Conciertos de Estreno Mundial de Obras originales para Clarinete el JUEVES 21 DE SEPTIEMBRE a las 20 hs en LA ESCUELA SUPERIOR DE M\u00daSICA DE SAN MART\u00cdN DE LOS ANDES; y al CONCIERTO DE APERTURA DEL FESTIVAL, el mismo JUEVES 21 DE SEPTIEMBRE A LAS 21 hs, en la Sala Amankay del CENTRO CULTURAL COTESMA&nbsp;<\/strong><\/p>\n","protected":false},"excerpt":{"rendered":"<p>Del&nbsp;jueves 21 al domingo 24 de septiembre&nbsp;se llevar\u00e1 a cabo el&nbsp;VII FESTIVAL INTERNACIONAL DE CLARINETE ANDINO PATAG\u00d3NICO&nbsp;en las localidades de San Mart\u00edn de los Andes y&nbsp;Villa la Angostura. Las actividades en San Mart\u00edn de los Andes ser\u00e1n el jueves 21 y el viernes 22. &nbsp; Este a\u00f1o habr\u00e1 dos conciertos en nuestra localidad. El primero ser\u00e1 el&nbsp;JUEVES 21 DE SEPTIEMBRE a las 20 hs en &hellip; <a href=\"https:\/\/cultura.sma.gob.ar\/?p=4910\" class=\"more-link\">Continue reading <span class=\"screen-reader-text\">VII Festival de Clarinete Andino Patag\u00f3nico en la Sala Amankay<\/span><\/a><\/p>\n","protected":false},"author":1,"featured_media":297,"comment_status":"closed","ping_status":"","sticky":false,"template":"","format":"image","meta":{"footnotes":""},"categories":[2,9],"tags":[],"class_list":["post-4910","post","type-post","status-publish","format-image","has-post-thumbnail","hentry","category-ciudad-cultural","category-ultimas-noticias","post_format-post-format-image"],"_links":{"self":[{"href":"https:\/\/cultura.sma.gob.ar\/index.php?rest_route=\/wp\/v2\/posts\/4910","targetHints":{"allow":["GET"]}}],"collection":[{"href":"https:\/\/cultura.sma.gob.ar\/index.php?rest_route=\/wp\/v2\/posts"}],"about":[{"href":"https:\/\/cultura.sma.gob.ar\/index.php?rest_route=\/wp\/v2\/types\/post"}],"author":[{"embeddable":true,"href":"https:\/\/cultura.sma.gob.ar\/index.php?rest_route=\/wp\/v2\/users\/1"}],"replies":[{"embeddable":true,"href":"https:\/\/cultura.sma.gob.ar\/index.php?rest_route=%2Fwp%2Fv2%2Fcomments&post=4910"}],"version-history":[{"count":1,"href":"https:\/\/cultura.sma.gob.ar\/index.php?rest_route=\/wp\/v2\/posts\/4910\/revisions"}],"predecessor-version":[{"id":4912,"href":"https:\/\/cultura.sma.gob.ar\/index.php?rest_route=\/wp\/v2\/posts\/4910\/revisions\/4912"}],"wp:featuredmedia":[{"embeddable":true,"href":"https:\/\/cultura.sma.gob.ar\/index.php?rest_route=\/wp\/v2\/media\/297"}],"wp:attachment":[{"href":"https:\/\/cultura.sma.gob.ar\/index.php?rest_route=%2Fwp%2Fv2%2Fmedia&parent=4910"}],"wp:term":[{"taxonomy":"category","embeddable":true,"href":"https:\/\/cultura.sma.gob.ar\/index.php?rest_route=%2Fwp%2Fv2%2Fcategories&post=4910"},{"taxonomy":"post_tag","embeddable":true,"href":"https:\/\/cultura.sma.gob.ar\/index.php?rest_route=%2Fwp%2Fv2%2Ftags&post=4910"}],"curies":[{"name":"wp","href":"https:\/\/api.w.org\/{rel}","templated":true}]}}