{"id":4908,"date":"2023-09-17T18:45:42","date_gmt":"2023-09-17T21:45:42","guid":{"rendered":"http:\/\/cultura.sma.gob.ar\/?p=4908"},"modified":"2023-09-17T18:45:42","modified_gmt":"2023-09-17T21:45:42","slug":"gaucho-hh-y-todoconcuerda-en-la-sala-amankay","status":"publish","type":"post","link":"https:\/\/cultura.sma.gob.ar\/?p=4908","title":{"rendered":"&#8220;Gaucho HH y Todoconcuerda&#8221; en la Sala Amankay"},"content":{"rendered":"\n\n\n<p>El pr\u00f3ximo s\u00e1bado, 23 de septiembre a las 21hs, en nuestra querida Sala Amankay, volvemos a compartir una imperdible noche musical. Dos artistas, una noche. Gaucho HH y Todoconcuerda se suben a nuestro escenario.&nbsp;<\/p>\n\n\n\n<p>Las entradas ya est\u00e1n a la venta en la boleter\u00eda del Centro Cultural.&nbsp;<\/p>\n\n\n\n<p>Anticipadas $2.500 \/ El mismo d\u00eda $3.000&nbsp;<\/p>\n\n\n\n<p>Con folleto anticipadas $2.100.-&nbsp;<\/p>\n\n\n\n<p><strong><em><u>Gaucho HH<\/u><\/em><\/strong>: Lautaro Gutierrez, solista Sanmartinense, Neuquino, que desde principios de 2010, bajo la influencia del skate, conoci\u00f3 el rap y comenz\u00f3 a trabajar sus canciones con papel y tinta. Por varios a\u00f1os se concentr\u00f3 en encontrar su &#8220;estilo propio&#8221; siempre manteniendo viva la llama del freestyle y la escritura.Fue interpretando lo vivido cotidianamente a trav\u00e9s de sus canciones, bajo las influencias de personas importantes en su vida como: su madre, su padre, familia y amigos.&nbsp;<\/p>\n\n\n\n<p>Comenz\u00f3 a presentar su m\u00fasica en vivo en 2016 decidido a encontrarse cara a cara con los escenarios y as\u00ed expresar sus experiencias. Combin\u00f3 sus escritos con un grupo de amigos con el cual formaron la conexi\u00f3n musical llamada &#8220;RDC&#8221; RAP DE COVISAL, RAP DEL BARRIO.&nbsp;&nbsp;&nbsp;<\/p>\n\n\n\n<p>Hoy trabaja como solista con el sello discogr\u00e1fico llamado &#8220;Lealtad m\u00fasic&#8221; que hace la distribuci\u00f3n de sus canciones en todas las plataformas digitales, trabajando en conjunto con Marcelo Guerrina a.k.a Emege como productor de sus instrumentales.&nbsp;<\/p>\n\n\n\n<p>Presenta su show en vivo en cada ocasi\u00f3n que surge, siempre con letras nuevas poniendo a prueba la memoria y el vocabulario.&nbsp;<\/p>\n\n\n\n<p>Pr\u00f3ximamente estrena su \u00e1lbum solista &#8220;GARRA DE BUHO&#8221; con instrumentales de&#8221;Emege &#8221; y est\u00e1 en proceso de creaci\u00f3n de un disco de rock \/ rap \/ experimental con la banda de la que es vocalista llamada &#8220;Carancho&#8221;. Dicha banda est\u00e1 formada por Juan Chapitel en bater\u00eda, Jason sweet en guitarra el\u00e9ctrica, y Horacio Patr\u00f3n en el bajo.&nbsp;<\/p>\n\n\n\n<p>En YouTube y Spotify lo encuentran con su canal\/perfil oficial: Gaucho hh.&nbsp;<\/p>\n\n\n\n<p>Links de YouTube:&nbsp;<\/p>\n\n\n\n<p>Canci\u00f3n titulada REDES dedicada a los ni\u00f1os.Videoclip por matusho Bascu\u00f1\u00e1n&nbsp;<\/p>\n\n\n\n<figure class=\"wp-block-embed-youtube wp-block-embed is-type-video is-provider-youtube wp-embed-aspect-16-9 wp-has-aspect-ratio\"><div class=\"wp-block-embed__wrapper\">\n<iframe loading=\"lazy\" title=\"GAUCHO - REDES - SHOT BY TRASCENDER\" width=\"720\" height=\"405\" src=\"https:\/\/www.youtube.com\/embed\/O_SbDeIzYxg?feature=oembed\" frameborder=\"0\" allow=\"accelerometer; autoplay; clipboard-write; encrypted-media; gyroscope; picture-in-picture; web-share\" allowfullscreen><\/iframe>\n<\/div><\/figure>\n\n\n\n<p>Canci\u00f3n VIVAMOS. V\u00eddeoclip por Catalina Petersen.&nbsp;<\/p>\n\n\n\n<figure class=\"wp-block-embed-youtube wp-block-embed is-type-video is-provider-youtube wp-embed-aspect-16-9 wp-has-aspect-ratio\"><div class=\"wp-block-embed__wrapper\">\n<iframe loading=\"lazy\" title=\"Vivamos - Gaucho - VideoClip(Catap\u00e9Audiovisual)\" width=\"720\" height=\"405\" src=\"https:\/\/www.youtube.com\/embed\/L7GpSwIXcAU?feature=oembed\" frameborder=\"0\" allow=\"accelerometer; autoplay; clipboard-write; encrypted-media; gyroscope; picture-in-picture; web-share\" allowfullscreen><\/iframe>\n<\/div><\/figure>\n\n\n\n<p><strong><em><u>Todoconcuerda<\/u><\/em><\/strong>: Crist\u00f3bal Rodr\u00edguez, solista Neuquino, que desde principio de 2018, bajo el nombre art\u00edstico Todoconcuerda, trabaja sus canciones grabandolas y difundiendo con su productora independiente &#8220;Todoconcuerda Records&#8221; e interpretandolas en vivo con un sonido Folk fusi\u00f3n r\u00edtmico, electro-ac\u00fastico e interactivo. Sus letras hablan de las aventuras y altibajos de la vida de sus personajes inventados, los cuales, mezcla un poco con su historia personal (como lo ha realizado en su 2do \u00e1lbum, &#8220;El Cantautor&#8221;, que est\u00e1 siendo escuchado en los pa\u00edses de Argentina, Per\u00fa, Chile, Uruguay, Paraguay, M\u00e9xico, Ecuador, Colombia, Estados Unidos, Italia, Espa\u00f1a, entre otros lugares.&nbsp;<\/p>\n\n\n\n<p>En dicho canal, Todoconcuerda, tiene m\u00e1s de 357.000 escuchas en YouTube y 64.000 escuchas en Spotify.&nbsp;&nbsp;<\/p>\n\n\n\n<p>En febrero de 2023 realiz\u00f3 su primera charla TEDx edici\u00f3n Esquel, desplegando su show y brindando herramientas para proyectos art\u00edsticos teniendo a la autogesti\u00f3n y la independencia como estilo de vida.&nbsp;<\/p>\n\n\n\n<p>Actualmente se encuentra presentando su 3er \u00e1lbum &#8220;Crist\u00f3bal&#8221; (nominado a los Premios Gardel 2022 a la terna &#8220;Mejor \u00c0lbum Canci\u00f2n de Autor&#8221;) por medio de su gira llamada &#8220;Crist\u00f3bal Tour&#8221;, iniciada en noviembre de 2021 en el m\u00edtico Teatro Broadway de Buenos Aires Capital, siguiendo por Rosario, Santa Fe, Villa Constituci\u00f3n, Acebal, Lagos; Libertador San Mart\u00edn, Diamante, Strobel, Paran\u00e1, Nogoy\u00e1; Guaymall\u00e9n, Cacheuta, Ciudad de Mendoza; Villa Uni\u00f3n (La Rioja); Posadas (Misiones); Rada Tilly, Comodoro Rivadavia; Pico Truncado; Trevelin, Esquel; San Mart\u00edn y Jun\u00edn de los Andes, Plottier, Moquehue, Villa La Angostura, Neuqu\u00e9n Capital, Centenario; Bariloche (en la Fiesta Nacional de la Nieve), Fiske Menuco (Roca); San Miguel, La Plata, Villa Crespo, Palermo, Recoleta, entre otros lugares.&nbsp;<\/p>\n\n\n\n<p>Links de YouTube:&nbsp;<\/p>\n\n\n\n<p>Todoconcuerda en vivo en el Teatro Broadway cantando El Cantautor:&nbsp;<a href=\"https:\/\/correo.smandes.gov.ar\/owa\/redir.aspx?C=928a4d4b9631436ea9bb60f7782c00f5&amp;URL=https%3a%2f%2fwww.youtube.com%2fwatch%3fv%3d3v8RdivVQaE\" target=\"_blank\" rel=\"noreferrer noopener\">https:\/\/www.youtube.com\/watch?v=3v8RdivVQaE<\/a>&nbsp;<\/p>\n\n\n\n<p>Sos como un caf\u00e9 (Audio Oficial):&nbsp;<a href=\"https:\/\/correo.smandes.gov.ar\/owa\/redir.aspx?C=928a4d4b9631436ea9bb60f7782c00f5&amp;URL=https%3a%2f%2fwww.youtube.com%2fwatch%3fv%3dWRXHoFsL944\" target=\"_blank\" rel=\"noreferrer noopener\">https:\/\/www.youtube.com\/watch?v=WRXHoFsL944<\/a>&nbsp;&nbsp;<\/p>\n\n\n\n<p>Link de Spotify:&nbsp;&nbsp;&nbsp;<\/p>\n\n\n\n<p>Siendo m\u00e1s que amigos:&nbsp;<a href=\"https:\/\/correo.smandes.gov.ar\/owa\/redir.aspx?C=928a4d4b9631436ea9bb60f7782c00f5&amp;URL=https%3a%2f%2fopen.spotify.com%2ftrack%2f009V8sTpQGL3RneFs7EmA3%3fsi%3dcc39aa8533804531\" target=\"_blank\" rel=\"noreferrer noopener\">https:\/\/open.spotify.com\/track\/009V8sTpQGL3RneFs7EmA3?si=cc39aa8533804531<\/a>&nbsp;<\/p>\n\n\n\n<p>Redes sociales:&nbsp;<\/p>\n\n\n\n<p>IG&nbsp;<a href=\"https:\/\/correo.smandes.gov.ar\/owa\/redir.aspx?C=928a4d4b9631436ea9bb60f7782c00f5&amp;URL=https%3a%2f%2fwww.instagram.com%2ftodoconcuerdaoficial%2f%3fhl%3des-la\" target=\"_blank\" rel=\"noreferrer noopener\">https:\/\/www.instagram.com\/todoconcuerdaoficial\/?hl=es-la<\/a>&nbsp;<\/p>\n\n\n\n<p>FB&nbsp;<a href=\"https:\/\/correo.smandes.gov.ar\/owa\/redir.aspx?C=928a4d4b9631436ea9bb60f7782c00f5&amp;URL=https%3a%2f%2fwww.facebook.com%2fTodoconcuerdaOficial%2f\" target=\"_blank\" rel=\"noreferrer noopener\">https:\/\/www.facebook.com\/TodoconcuerdaOficial\/<\/a><\/p>\n","protected":false},"excerpt":{"rendered":"<p>El pr\u00f3ximo s\u00e1bado, 23 de septiembre a las 21hs, en nuestra querida Sala Amankay, volvemos a compartir una imperdible noche musical. Dos artistas, una noche. Gaucho HH y Todoconcuerda se suben a nuestro escenario.&nbsp; Las entradas ya est\u00e1n a la venta en la boleter\u00eda del Centro Cultural.&nbsp; Anticipadas $2.500 \/ El mismo d\u00eda $3.000&nbsp; Con folleto anticipadas $2.100.-&nbsp; Gaucho HH: Lautaro Gutierrez, solista Sanmartinense, Neuquino, &hellip; <a href=\"https:\/\/cultura.sma.gob.ar\/?p=4908\" class=\"more-link\">Continue reading <span class=\"screen-reader-text\">&#8220;Gaucho HH y Todoconcuerda&#8221; en la Sala Amankay<\/span><\/a><\/p>\n","protected":false},"author":1,"featured_media":297,"comment_status":"closed","ping_status":"","sticky":false,"template":"","format":"image","meta":{"footnotes":""},"categories":[2,9],"tags":[],"class_list":["post-4908","post","type-post","status-publish","format-image","has-post-thumbnail","hentry","category-ciudad-cultural","category-ultimas-noticias","post_format-post-format-image"],"_links":{"self":[{"href":"https:\/\/cultura.sma.gob.ar\/index.php?rest_route=\/wp\/v2\/posts\/4908","targetHints":{"allow":["GET"]}}],"collection":[{"href":"https:\/\/cultura.sma.gob.ar\/index.php?rest_route=\/wp\/v2\/posts"}],"about":[{"href":"https:\/\/cultura.sma.gob.ar\/index.php?rest_route=\/wp\/v2\/types\/post"}],"author":[{"embeddable":true,"href":"https:\/\/cultura.sma.gob.ar\/index.php?rest_route=\/wp\/v2\/users\/1"}],"replies":[{"embeddable":true,"href":"https:\/\/cultura.sma.gob.ar\/index.php?rest_route=%2Fwp%2Fv2%2Fcomments&post=4908"}],"version-history":[{"count":1,"href":"https:\/\/cultura.sma.gob.ar\/index.php?rest_route=\/wp\/v2\/posts\/4908\/revisions"}],"predecessor-version":[{"id":4909,"href":"https:\/\/cultura.sma.gob.ar\/index.php?rest_route=\/wp\/v2\/posts\/4908\/revisions\/4909"}],"wp:featuredmedia":[{"embeddable":true,"href":"https:\/\/cultura.sma.gob.ar\/index.php?rest_route=\/wp\/v2\/media\/297"}],"wp:attachment":[{"href":"https:\/\/cultura.sma.gob.ar\/index.php?rest_route=%2Fwp%2Fv2%2Fmedia&parent=4908"}],"wp:term":[{"taxonomy":"category","embeddable":true,"href":"https:\/\/cultura.sma.gob.ar\/index.php?rest_route=%2Fwp%2Fv2%2Fcategories&post=4908"},{"taxonomy":"post_tag","embeddable":true,"href":"https:\/\/cultura.sma.gob.ar\/index.php?rest_route=%2Fwp%2Fv2%2Ftags&post=4908"}],"curies":[{"name":"wp","href":"https:\/\/api.w.org\/{rel}","templated":true}]}}