{"id":4904,"date":"2023-09-14T12:54:28","date_gmt":"2023-09-14T15:54:28","guid":{"rendered":"http:\/\/cultura.sma.gob.ar\/?p=4904"},"modified":"2023-09-14T12:54:28","modified_gmt":"2023-09-14T15:54:28","slug":"5-festival-de-percusion-escucha-el-tambor","status":"publish","type":"post","link":"https:\/\/cultura.sma.gob.ar\/?p=4904","title":{"rendered":"5\u00b0 Festival de Percusi\u00f3n &#8220;Escuch\u00e1 el Tambor&#8221;"},"content":{"rendered":"\n<figure class=\"wp-block-image size-large\"><img loading=\"lazy\" decoding=\"async\" width=\"530\" height=\"750\" src=\"http:\/\/cultura.sma.gob.ar\/wp-content\/uploads\/2023\/09\/Flyer-Cierre.jpg\" alt=\"\" class=\"wp-image-4905\" srcset=\"https:\/\/cultura.sma.gob.ar\/wp-content\/uploads\/2023\/09\/Flyer-Cierre.jpg 530w, https:\/\/cultura.sma.gob.ar\/wp-content\/uploads\/2023\/09\/Flyer-Cierre-212x300.jpg 212w, https:\/\/cultura.sma.gob.ar\/wp-content\/uploads\/2023\/09\/Flyer-Cierre-64x90.jpg 64w\" sizes=\"auto, (max-width: 530px) 100vw, 530px\" \/><\/figure>\n\n\n\n<p>5\u00ba Festival de Percusi\u00f3n de gesti\u00f3n independiente \u201cEscucha el tambor\u201c (San Martin de los andes \u2013 Neuqu\u00e9n \u2013 Patagonia).&nbsp;<\/p>\n\n\n\n<p>Durante los 3 d\u00edas del festival se llevar\u00e1n a cabo diferentes tipos de actividades y encuentros en torno al tambor, el aprendizaje y el compartir.<br>El festival consta con 6 talleres de percusi\u00f3n y el t\u00edpico cierre del festival con agrupaciones art\u00edsticas locales.&nbsp;<\/p>\n\n\n\n<p><br>CRONOGRAMA: &nbsp;<\/p>\n\n\n\n<p>Viernes 29 \/ septiembre &nbsp;<\/p>\n\n\n\n<p>16:00 a 18:30hs taller de RITMO Y PERCUSION CON SE\u00d1AS 11-69532689&nbsp;<\/p>\n\n\n\n<p>18:45 a 20:45hs taller de RODA DE PANDEIRO 294-4667128&nbsp;<\/p>\n\n\n\n<p>21:00 a 23:00hs taller de PERCUSION AFRICANA MANDENG 381-4676502&nbsp;<\/p>\n\n\n\n<p>S\u00e1bado 30 \/ septiembre&nbsp;<\/p>\n\n\n\n<p>16:00 a 18:30hs taller de&nbsp;&nbsp;INTRODUCCION DE CANDOMBE 294-4637297&nbsp;<\/p>\n\n\n\n<p>18:45 a 20:45hs taller de CLASE ABIERTA DE BATERIA 2972-431353&nbsp;<\/p>\n\n\n\n<p>21:00 a 23:00hs taller de TALLER DE BOMBO LEGUERO 2954747558&nbsp;<\/p>\n\n\n\n<p>Domingo 1 \/ octubre&nbsp;<\/p>\n\n\n\n<p>19:00 hs Cierre del Festival, Agrupaciones Art\u00edsticas&nbsp;<\/p>\n\n\n\n<p>-Tuco (improvisaci\u00f3n con se\u00f1as)&nbsp;<\/p>\n\n\n\n<p>-Folie (mujeres afropercusivas)&nbsp;<\/p>\n\n\n\n<p>-Curucumba (candombe fusi\u00f3n)&nbsp;<\/p>\n\n\n\n<p>-Odara (percusi\u00f3n y danza afrobrasile\u00f1a)&nbsp;Entradas anticipadas $3.000 &#8211; El mismo d\u00eda $3.500<\/p>\n","protected":false},"excerpt":{"rendered":"<p>5\u00ba Festival de Percusi\u00f3n de gesti\u00f3n independiente \u201cEscucha el tambor\u201c (San Martin de los andes \u2013 Neuqu\u00e9n \u2013 Patagonia).&nbsp; Durante los 3 d\u00edas del festival se llevar\u00e1n a cabo diferentes tipos de actividades y encuentros en torno al tambor, el aprendizaje y el compartir.El festival consta con 6 talleres de percusi\u00f3n y el t\u00edpico cierre del festival con agrupaciones art\u00edsticas locales.&nbsp; CRONOGRAMA: &nbsp; Viernes 29 &hellip; <a href=\"https:\/\/cultura.sma.gob.ar\/?p=4904\" class=\"more-link\">Continue reading <span class=\"screen-reader-text\">5\u00b0 Festival de Percusi\u00f3n &#8220;Escuch\u00e1 el Tambor&#8221;<\/span><\/a><\/p>\n","protected":false},"author":1,"featured_media":297,"comment_status":"closed","ping_status":"","sticky":false,"template":"","format":"image","meta":{"footnotes":""},"categories":[2,9],"tags":[],"class_list":["post-4904","post","type-post","status-publish","format-image","has-post-thumbnail","hentry","category-ciudad-cultural","category-ultimas-noticias","post_format-post-format-image"],"_links":{"self":[{"href":"https:\/\/cultura.sma.gob.ar\/index.php?rest_route=\/wp\/v2\/posts\/4904","targetHints":{"allow":["GET"]}}],"collection":[{"href":"https:\/\/cultura.sma.gob.ar\/index.php?rest_route=\/wp\/v2\/posts"}],"about":[{"href":"https:\/\/cultura.sma.gob.ar\/index.php?rest_route=\/wp\/v2\/types\/post"}],"author":[{"embeddable":true,"href":"https:\/\/cultura.sma.gob.ar\/index.php?rest_route=\/wp\/v2\/users\/1"}],"replies":[{"embeddable":true,"href":"https:\/\/cultura.sma.gob.ar\/index.php?rest_route=%2Fwp%2Fv2%2Fcomments&post=4904"}],"version-history":[{"count":1,"href":"https:\/\/cultura.sma.gob.ar\/index.php?rest_route=\/wp\/v2\/posts\/4904\/revisions"}],"predecessor-version":[{"id":4906,"href":"https:\/\/cultura.sma.gob.ar\/index.php?rest_route=\/wp\/v2\/posts\/4904\/revisions\/4906"}],"wp:featuredmedia":[{"embeddable":true,"href":"https:\/\/cultura.sma.gob.ar\/index.php?rest_route=\/wp\/v2\/media\/297"}],"wp:attachment":[{"href":"https:\/\/cultura.sma.gob.ar\/index.php?rest_route=%2Fwp%2Fv2%2Fmedia&parent=4904"}],"wp:term":[{"taxonomy":"category","embeddable":true,"href":"https:\/\/cultura.sma.gob.ar\/index.php?rest_route=%2Fwp%2Fv2%2Fcategories&post=4904"},{"taxonomy":"post_tag","embeddable":true,"href":"https:\/\/cultura.sma.gob.ar\/index.php?rest_route=%2Fwp%2Fv2%2Ftags&post=4904"}],"curies":[{"name":"wp","href":"https:\/\/api.w.org\/{rel}","templated":true}]}}