{"id":4901,"date":"2023-09-14T12:52:25","date_gmt":"2023-09-14T15:52:25","guid":{"rendered":"http:\/\/cultura.sma.gob.ar\/?p=4901"},"modified":"2023-09-14T12:52:25","modified_gmt":"2023-09-14T15:52:25","slug":"jornada-medioambiental-cuida-tu-pachamama","status":"publish","type":"post","link":"https:\/\/cultura.sma.gob.ar\/?p=4901","title":{"rendered":"Jornada medioambiental &#8220;CUIDA TU PACHAMAMA&#8221;"},"content":{"rendered":"\n\n\n<h1 class=\"wp-block-heading\">El pr\u00f3ximo martes, 03 de octubre a las 18hs, en la Sala G\u00fcnther Blaas, compartiremos la jornada medioambiental \u201cCUIDA TU PACHAMAMA\u201d llevada adelante por Brot Studio.\u00a0<\/h1>\n\n\n\n<p>\u201cCuida tu Pachamama\u201d es un Ciclo de Ponencias Circulares que te guiar\u00e1n a crear un estilo de vida m\u00e1s sostenible para vos y el medioambiente por medio de la reflexi\u00f3n y el desarrollo consciente de nuestros h\u00e1bitos.<br><br>Cerraremos con un Eco-Networking conectando con proyectos locales que transforman los residuos en recursos y ofrecen productos alternativos ecol\u00f3gicos.<br><br>Entrada libre y gratuita con colaboraci\u00f3n a la gorra.&nbsp;<\/p>\n","protected":false},"excerpt":{"rendered":"<p>El pr\u00f3ximo martes, 03 de octubre a las 18hs, en la Sala G\u00fcnther Blaas, compartiremos la jornada medioambiental \u201cCUIDA TU PACHAMAMA\u201d llevada adelante por Brot Studio.\u00a0 \u201cCuida tu Pachamama\u201d es un Ciclo de Ponencias Circulares que te guiar\u00e1n a crear un estilo de vida m\u00e1s sostenible para vos y el medioambiente por medio de la reflexi\u00f3n y el desarrollo consciente de nuestros h\u00e1bitos. Cerraremos con &hellip; <a href=\"https:\/\/cultura.sma.gob.ar\/?p=4901\" class=\"more-link\">Continue reading <span class=\"screen-reader-text\">Jornada medioambiental &#8220;CUIDA TU PACHAMAMA&#8221;<\/span><\/a><\/p>\n","protected":false},"author":1,"featured_media":297,"comment_status":"closed","ping_status":"","sticky":false,"template":"","format":"image","meta":{"footnotes":""},"categories":[2,9],"tags":[],"class_list":["post-4901","post","type-post","status-publish","format-image","has-post-thumbnail","hentry","category-ciudad-cultural","category-ultimas-noticias","post_format-post-format-image"],"_links":{"self":[{"href":"https:\/\/cultura.sma.gob.ar\/index.php?rest_route=\/wp\/v2\/posts\/4901","targetHints":{"allow":["GET"]}}],"collection":[{"href":"https:\/\/cultura.sma.gob.ar\/index.php?rest_route=\/wp\/v2\/posts"}],"about":[{"href":"https:\/\/cultura.sma.gob.ar\/index.php?rest_route=\/wp\/v2\/types\/post"}],"author":[{"embeddable":true,"href":"https:\/\/cultura.sma.gob.ar\/index.php?rest_route=\/wp\/v2\/users\/1"}],"replies":[{"embeddable":true,"href":"https:\/\/cultura.sma.gob.ar\/index.php?rest_route=%2Fwp%2Fv2%2Fcomments&post=4901"}],"version-history":[{"count":1,"href":"https:\/\/cultura.sma.gob.ar\/index.php?rest_route=\/wp\/v2\/posts\/4901\/revisions"}],"predecessor-version":[{"id":4902,"href":"https:\/\/cultura.sma.gob.ar\/index.php?rest_route=\/wp\/v2\/posts\/4901\/revisions\/4902"}],"wp:featuredmedia":[{"embeddable":true,"href":"https:\/\/cultura.sma.gob.ar\/index.php?rest_route=\/wp\/v2\/media\/297"}],"wp:attachment":[{"href":"https:\/\/cultura.sma.gob.ar\/index.php?rest_route=%2Fwp%2Fv2%2Fmedia&parent=4901"}],"wp:term":[{"taxonomy":"category","embeddable":true,"href":"https:\/\/cultura.sma.gob.ar\/index.php?rest_route=%2Fwp%2Fv2%2Fcategories&post=4901"},{"taxonomy":"post_tag","embeddable":true,"href":"https:\/\/cultura.sma.gob.ar\/index.php?rest_route=%2Fwp%2Fv2%2Ftags&post=4901"}],"curies":[{"name":"wp","href":"https:\/\/api.w.org\/{rel}","templated":true}]}}