{"id":4897,"date":"2023-09-13T11:58:37","date_gmt":"2023-09-13T14:58:37","guid":{"rendered":"http:\/\/cultura.sma.gob.ar\/?p=4897"},"modified":"2023-09-13T11:58:37","modified_gmt":"2023-09-13T14:58:37","slug":"ciclo-cultural-variete-en-el-centro-cultural-edar","status":"publish","type":"post","link":"https:\/\/cultura.sma.gob.ar\/?p=4897","title":{"rendered":"Ciclo Cultural Variet\u00e9 en el Centro Cultural Edar"},"content":{"rendered":"\n<figure class=\"wp-block-image size-large\"><img loading=\"lazy\" decoding=\"async\" width=\"989\" height=\"1001\" src=\"http:\/\/cultura.sma.gob.ar\/wp-content\/uploads\/2023\/09\/Imagen-de-WhatsApp-2023-09-13-a-las-08.35.04.jpg\" alt=\"\" class=\"wp-image-4898\" srcset=\"https:\/\/cultura.sma.gob.ar\/wp-content\/uploads\/2023\/09\/Imagen-de-WhatsApp-2023-09-13-a-las-08.35.04.jpg 989w, https:\/\/cultura.sma.gob.ar\/wp-content\/uploads\/2023\/09\/Imagen-de-WhatsApp-2023-09-13-a-las-08.35.04-296x300.jpg 296w, https:\/\/cultura.sma.gob.ar\/wp-content\/uploads\/2023\/09\/Imagen-de-WhatsApp-2023-09-13-a-las-08.35.04-768x777.jpg 768w, https:\/\/cultura.sma.gob.ar\/wp-content\/uploads\/2023\/09\/Imagen-de-WhatsApp-2023-09-13-a-las-08.35.04-89x90.jpg 89w\" sizes=\"auto, (max-width: 989px) 100vw, 989px\" \/><\/figure>\n\n\n\n<p>CICLO CULTURAL VARIET\u00c9: PRIMER CICLO CULTURAL A DESARROLLARSE EN EL &#8220;CENTRO CULTURAL EDAR&#8221;<\/p>\n\n\n\n<p>16 DE SEPTIEMBRE<\/p>\n\n\n\n<p>20:30 HS.<\/p>\n\n\n\n<p>El evento contar\u00e1 con la participaci\u00f3n del grupo musical POLEMMA D\u00daO, la cantante FERNANDA GAZARI y la poeta Mar\u00eda Cristina Venturini.<\/p>\n\n\n\n<p>Hac\u00e9 tus reservas al 2995479497<\/p>\n\n\n\n<p>Con ayuda del gobierno nacional podemos traerles el primer encuentro cultural en nuestra comunidad.<br>El proyecto se basa en la planificaci\u00f3n, organizaci\u00f3n, y ejecuci\u00f3n de un ciclo cultural de VARIET\u00c9S.<br>Se trabaja con virtuosos de la zona: m\u00fasicos, bailarines y artistas en general.<br>Habr\u00e1 servicio de bufete a cargo de los socios de la cooperativa Pat y Arte.<br>El objetivo principal es que la gente se empape, disfrute y reciba los beneficios del arte y la cultura.<br>Nuestra visi\u00f3n es generar empleo genuino para artistas y gestores culturales a largo plazo.<\/p>\n\n\n\n<p>Nos acompa\u00f1ar\u00e1n el grupo POLEMMA D\u00daO: Este d\u00fao de San Mart\u00edn de los Andes est\u00e1 conformado por Paola Ilabaca y Emmanuel Rocha se caracteriza por interpretar composiciones propias, as\u00ed como tambi\u00e9n m\u00fasicas de diferentes compositores y compositoras de nuestra Latinoam\u00e9rica.<br>El d\u00fao busca a trav\u00e9s de su m\u00fasica \u201cexpresar aquellas cosas que nos interpelan encontrando en los ritmos de nuestra tierra y sus poetas el lenguaje para decir y as\u00ed mirarnos, buscarnos, encontrarnos y reflexionar sobre los sufrimientos que cargan nuestras espaldas. Tambi\u00e9n jugamos a ser poetas dando testimonio de nuestra forma de ver la vida y transformando nuestras tristezas y alegr\u00edas en melod\u00edas que al compartirlas nos hermanen para seguir alimentando el testimonio de nuestros pueblos\u201d<br>Contaremos con la presencia de FERNANDA GAZARI: Cantante de m\u00fasica popular argentina y latinoamericana. Su formaci\u00f3n es ecl\u00e9ctica, habiendo cursado estudios de canto, flauta traversa y guitarra, tanto en la escuela superior de m\u00fasica de Neuqu\u00e9n y San Mart\u00edn de los Andes, como con la gu\u00eda de profesores particulares. Se ha presentado en festivales, pe\u00f1as y recitales. La acompa\u00f1a la multi-instrumentista Mirta Trillo, de la ciudad de Alumin\u00e9, quien posee una destacada trayectoria en docencia, composici\u00f3n y arreglos musicales.<br>Mar\u00eda Cristina Venturini es escritora. Vive en San Mart\u00edn de los Andes entre poemas, cuentos y canciones. Vino a la Patagonia desde su Paran\u00e1 natal.<br>Anda por Chacra 30 y le gusta leer.<br>Algunas de sus obras son: La luz en el nogal, Jaguar de abril, Orcalumis, Zapallo, 123 kilitos de amor, Poemas para jugar.<\/p>\n\n\n\n<p>Para m\u00e1s informaci\u00f3n pod\u00e9s ingresar a <a href=\"https:\/\/variete.gonzaweb.site\/?fbclid=#\">https:\/\/variete.gonzaweb.site\/?fbclid=#<\/a><\/p>\n\n\n\n<p><\/p>\n","protected":false},"excerpt":{"rendered":"<p>CICLO CULTURAL VARIET\u00c9: PRIMER CICLO CULTURAL A DESARROLLARSE EN EL &#8220;CENTRO CULTURAL EDAR&#8221; 16 DE SEPTIEMBRE 20:30 HS. El evento contar\u00e1 con la participaci\u00f3n del grupo musical POLEMMA D\u00daO, la cantante FERNANDA GAZARI y la poeta Mar\u00eda Cristina Venturini. Hac\u00e9 tus reservas al 2995479497 Con ayuda del gobierno nacional podemos traerles el primer encuentro cultural en nuestra comunidad.El proyecto se basa en la planificaci\u00f3n, organizaci\u00f3n, &hellip; <a href=\"https:\/\/cultura.sma.gob.ar\/?p=4897\" class=\"more-link\">Continue reading <span class=\"screen-reader-text\">Ciclo Cultural Variet\u00e9 en el Centro Cultural Edar<\/span><\/a><\/p>\n","protected":false},"author":1,"featured_media":297,"comment_status":"closed","ping_status":"","sticky":false,"template":"","format":"image","meta":{"footnotes":""},"categories":[2,9],"tags":[],"class_list":["post-4897","post","type-post","status-publish","format-image","has-post-thumbnail","hentry","category-ciudad-cultural","category-ultimas-noticias","post_format-post-format-image"],"_links":{"self":[{"href":"https:\/\/cultura.sma.gob.ar\/index.php?rest_route=\/wp\/v2\/posts\/4897","targetHints":{"allow":["GET"]}}],"collection":[{"href":"https:\/\/cultura.sma.gob.ar\/index.php?rest_route=\/wp\/v2\/posts"}],"about":[{"href":"https:\/\/cultura.sma.gob.ar\/index.php?rest_route=\/wp\/v2\/types\/post"}],"author":[{"embeddable":true,"href":"https:\/\/cultura.sma.gob.ar\/index.php?rest_route=\/wp\/v2\/users\/1"}],"replies":[{"embeddable":true,"href":"https:\/\/cultura.sma.gob.ar\/index.php?rest_route=%2Fwp%2Fv2%2Fcomments&post=4897"}],"version-history":[{"count":1,"href":"https:\/\/cultura.sma.gob.ar\/index.php?rest_route=\/wp\/v2\/posts\/4897\/revisions"}],"predecessor-version":[{"id":4899,"href":"https:\/\/cultura.sma.gob.ar\/index.php?rest_route=\/wp\/v2\/posts\/4897\/revisions\/4899"}],"wp:featuredmedia":[{"embeddable":true,"href":"https:\/\/cultura.sma.gob.ar\/index.php?rest_route=\/wp\/v2\/media\/297"}],"wp:attachment":[{"href":"https:\/\/cultura.sma.gob.ar\/index.php?rest_route=%2Fwp%2Fv2%2Fmedia&parent=4897"}],"wp:term":[{"taxonomy":"category","embeddable":true,"href":"https:\/\/cultura.sma.gob.ar\/index.php?rest_route=%2Fwp%2Fv2%2Fcategories&post=4897"},{"taxonomy":"post_tag","embeddable":true,"href":"https:\/\/cultura.sma.gob.ar\/index.php?rest_route=%2Fwp%2Fv2%2Ftags&post=4897"}],"curies":[{"name":"wp","href":"https:\/\/api.w.org\/{rel}","templated":true}]}}