{"id":4889,"date":"2023-09-06T12:10:40","date_gmt":"2023-09-06T15:10:40","guid":{"rendered":"http:\/\/cultura.sma.gob.ar\/?p=4889"},"modified":"2023-09-06T12:10:40","modified_gmt":"2023-09-06T15:10:40","slug":"ciclo-de-charlas-dia-nacional-del-arbol","status":"publish","type":"post","link":"https:\/\/cultura.sma.gob.ar\/?p=4889","title":{"rendered":"Ciclo de Charlas &#8220;D\u00eda Nacional del \u00c1rbol&#8221;"},"content":{"rendered":"\n<figure class=\"wp-block-image size-large\"><img loading=\"lazy\" decoding=\"async\" width=\"1024\" height=\"1024\" src=\"http:\/\/cultura.sma.gob.ar\/wp-content\/uploads\/2023\/09\/Dia-del-arbol-Flyer-1-1024x1024.jpg\" alt=\"\" class=\"wp-image-4890\" srcset=\"https:\/\/cultura.sma.gob.ar\/wp-content\/uploads\/2023\/09\/Dia-del-arbol-Flyer-1-1024x1024.jpg 1024w, https:\/\/cultura.sma.gob.ar\/wp-content\/uploads\/2023\/09\/Dia-del-arbol-Flyer-1-300x300.jpg 300w, https:\/\/cultura.sma.gob.ar\/wp-content\/uploads\/2023\/09\/Dia-del-arbol-Flyer-1-150x150.jpg 150w, https:\/\/cultura.sma.gob.ar\/wp-content\/uploads\/2023\/09\/Dia-del-arbol-Flyer-1-768x768.jpg 768w, https:\/\/cultura.sma.gob.ar\/wp-content\/uploads\/2023\/09\/Dia-del-arbol-Flyer-1-90x90.jpg 90w, https:\/\/cultura.sma.gob.ar\/wp-content\/uploads\/2023\/09\/Dia-del-arbol-Flyer-1.jpg 1080w\" sizes=\"auto, (max-width: 1024px) 100vw, 1024px\" \/><\/figure>\n\n\n\n<p>El martes 05 y mi\u00e9rcoles 06 de septiembre a las 17:30hs, en la Sala G\u00fcnther Blaas, en el marco del D\u00eda Nacional del \u00c1rbol, la Licenciada Andrea Medina y el T\u00e9cnico Forestal Adriano Arach, docentes de la Universidad Nacional del Comahue en el Asentamiento Universitario de nuestra ciudad, nos contar\u00e1n un poco sobre estos seres vivos tan importantes en muchos de nuestros ecosistemas.&nbsp;<\/p>\n\n\n\n<p><br>El 5 de septiembre, Andrea, docente a cargo de la c\u00e1tedra de Dendrolog\u00eda en la carrera de T\u00e9cnico Forestal, nos propone una breve recorrida por el mundo de los \u00e1rboles, sus definiciones, singularidades, existencias en el mundo, en nuestro pa\u00eds y en nuestros bosques patag\u00f3nicos, incluyendo un aporte especial al conocimiento bot\u00e1nico de dos gigantes neuquinos de acotada y caprichosa distribuci\u00f3n: el Raul\u00ed y el Roble pell\u00edn.&nbsp;<\/p>\n\n\n\n<p><br>El 6 de septiembre, Adriano, docente a cargo de la c\u00e1tedra de Arbolado Urbano en la carrera de T\u00e9cnico en Espacios Verdes, nos invita a aprender un poco m\u00e1s sobre los \u00e1rboles, pero esta vez enfoc\u00e1ndonos en los bosques urbanos de nuestra ciudad, conociendo qu\u00e9 especies los conforman y de qu\u00e9 maneras nos relacionamos con ellos. &nbsp;<\/p>\n\n\n\n<p><br>El evento cuenta con el apoyo de la Reserva Natural Urbana Cotesma, la Asociaci\u00f3n Civil Conservaci\u00f3n Patag\u00f3nica, el Centro Cultural Cotesma, la Universidad Nacional del Comahue y The Nature Conservancy.&nbsp;<br>Entrada Libre y gratuita.<\/p>\n","protected":false},"excerpt":{"rendered":"<p>El martes 05 y mi\u00e9rcoles 06 de septiembre a las 17:30hs, en la Sala G\u00fcnther Blaas, en el marco del D\u00eda Nacional del \u00c1rbol, la Licenciada Andrea Medina y el T\u00e9cnico Forestal Adriano Arach, docentes de la Universidad Nacional del Comahue en el Asentamiento Universitario de nuestra ciudad, nos contar\u00e1n un poco sobre estos seres vivos tan importantes en muchos de nuestros ecosistemas.&nbsp; El 5 &hellip; <a href=\"https:\/\/cultura.sma.gob.ar\/?p=4889\" class=\"more-link\">Continue reading <span class=\"screen-reader-text\">Ciclo de Charlas &#8220;D\u00eda Nacional del \u00c1rbol&#8221;<\/span><\/a><\/p>\n","protected":false},"author":1,"featured_media":297,"comment_status":"closed","ping_status":"","sticky":false,"template":"","format":"image","meta":{"footnotes":""},"categories":[2,9],"tags":[],"class_list":["post-4889","post","type-post","status-publish","format-image","has-post-thumbnail","hentry","category-ciudad-cultural","category-ultimas-noticias","post_format-post-format-image"],"_links":{"self":[{"href":"https:\/\/cultura.sma.gob.ar\/index.php?rest_route=\/wp\/v2\/posts\/4889","targetHints":{"allow":["GET"]}}],"collection":[{"href":"https:\/\/cultura.sma.gob.ar\/index.php?rest_route=\/wp\/v2\/posts"}],"about":[{"href":"https:\/\/cultura.sma.gob.ar\/index.php?rest_route=\/wp\/v2\/types\/post"}],"author":[{"embeddable":true,"href":"https:\/\/cultura.sma.gob.ar\/index.php?rest_route=\/wp\/v2\/users\/1"}],"replies":[{"embeddable":true,"href":"https:\/\/cultura.sma.gob.ar\/index.php?rest_route=%2Fwp%2Fv2%2Fcomments&post=4889"}],"version-history":[{"count":1,"href":"https:\/\/cultura.sma.gob.ar\/index.php?rest_route=\/wp\/v2\/posts\/4889\/revisions"}],"predecessor-version":[{"id":4891,"href":"https:\/\/cultura.sma.gob.ar\/index.php?rest_route=\/wp\/v2\/posts\/4889\/revisions\/4891"}],"wp:featuredmedia":[{"embeddable":true,"href":"https:\/\/cultura.sma.gob.ar\/index.php?rest_route=\/wp\/v2\/media\/297"}],"wp:attachment":[{"href":"https:\/\/cultura.sma.gob.ar\/index.php?rest_route=%2Fwp%2Fv2%2Fmedia&parent=4889"}],"wp:term":[{"taxonomy":"category","embeddable":true,"href":"https:\/\/cultura.sma.gob.ar\/index.php?rest_route=%2Fwp%2Fv2%2Fcategories&post=4889"},{"taxonomy":"post_tag","embeddable":true,"href":"https:\/\/cultura.sma.gob.ar\/index.php?rest_route=%2Fwp%2Fv2%2Ftags&post=4889"}],"curies":[{"name":"wp","href":"https:\/\/api.w.org\/{rel}","templated":true}]}}