{"id":4887,"date":"2023-09-06T12:09:01","date_gmt":"2023-09-06T15:09:01","guid":{"rendered":"http:\/\/cultura.sma.gob.ar\/?p=4887"},"modified":"2023-09-06T12:09:01","modified_gmt":"2023-09-06T15:09:01","slug":"presentacion-del-libro-topografia-de-las-guaridas-de-pablo-arias-en-la-gunther-blaas","status":"publish","type":"post","link":"https:\/\/cultura.sma.gob.ar\/?p=4887","title":{"rendered":"Presentaci\u00f3n del Libro &#8220;TOPOGRAF\u00cdA DE LAS GUARIDAS&#8221; de Pablo Arias en la G\u00fcnther Blaas"},"content":{"rendered":"\n\n\n<p>El pr\u00f3ximo s\u00e1bado 16 de septiembre, a las 19:00 hs., en la Sala G\u00fcnther Blaas del Centro Cultural Cotesma se presenta el libro&nbsp;<strong><em>Topograf\u00eda de las guaridas. Una historia espacial del deseo y del p\u00e1nico en la \u201cConquista del Desierto\u201d<\/em><\/strong>, de Pablo Daniel Arias. Participar\u00e1n de la presentaci\u00f3n el Dr. Walter Delrio, historiador y antrop\u00f3logo, Investigador del CONICET, y el Lic. Lucas Verduga Santill\u00e1n, fil\u00f3sofo y docente del IFD 3, quienes entablar\u00e1n un di\u00e1logo con el autor en torno a la confrontaci\u00f3n que se establece entre la \u00e9pica de los conquistadores y los registros hist\u00f3ricos de los pueblos atacados, intentando desplegar la pregunta central del&nbsp;&nbsp;libro: \u00bfcu\u00e1les son los significados que el hecho de \u201cperderse\u201d en \u201ctierra adentro\u201d asum\u00eda en las cr\u00f3nicas militares?\u00bfY en el recuerdo de quienes fueron atacados y se extraviaban en las hu\u00eddas?.&nbsp;<\/p>\n\n\n\n<p>El Dr. Pablo Daniel Arias ha sido becario de CLACSO, CONICET y de la Biblioteca Nacional Mariano Moreno. Sus investigaciones se desarrollan en el Departamento de Humanidades de la Universidad Nacional del Sur (Bah\u00eda Blanca) y en el Instituto de Investigaciones en Diversidad Cultural y Procesos de Cambio (Universidad Nacional de R\u00edo Negro, Sede Andina, San Carlos de Bariloche). Desde 2007 investiga la historia de los pueblos mapuche en los Andes Neuquinos, regi\u00f3n en la que se desempe\u00f1a como docente en distintos niveles del sistema educativo.&nbsp;<\/p>\n\n\n\n<p>La entrada es libre y gratuita.&nbsp;<\/p>\n\n\n\n<p>Organiza: Colectivo Pocahullo.&nbsp;<\/p>\n","protected":false},"excerpt":{"rendered":"<p>El pr\u00f3ximo s\u00e1bado 16 de septiembre, a las 19:00 hs., en la Sala G\u00fcnther Blaas del Centro Cultural Cotesma se presenta el libro&nbsp;Topograf\u00eda de las guaridas. Una historia espacial del deseo y del p\u00e1nico en la \u201cConquista del Desierto\u201d, de Pablo Daniel Arias. Participar\u00e1n de la presentaci\u00f3n el Dr. Walter Delrio, historiador y antrop\u00f3logo, Investigador del CONICET, y el Lic. Lucas Verduga Santill\u00e1n, fil\u00f3sofo y &hellip; <a href=\"https:\/\/cultura.sma.gob.ar\/?p=4887\" class=\"more-link\">Continue reading <span class=\"screen-reader-text\">Presentaci\u00f3n del Libro &#8220;TOPOGRAF\u00cdA DE LAS GUARIDAS&#8221; de Pablo Arias en la G\u00fcnther Blaas<\/span><\/a><\/p>\n","protected":false},"author":1,"featured_media":297,"comment_status":"closed","ping_status":"","sticky":false,"template":"","format":"image","meta":{"footnotes":""},"categories":[2,9],"tags":[],"class_list":["post-4887","post","type-post","status-publish","format-image","has-post-thumbnail","hentry","category-ciudad-cultural","category-ultimas-noticias","post_format-post-format-image"],"_links":{"self":[{"href":"https:\/\/cultura.sma.gob.ar\/index.php?rest_route=\/wp\/v2\/posts\/4887","targetHints":{"allow":["GET"]}}],"collection":[{"href":"https:\/\/cultura.sma.gob.ar\/index.php?rest_route=\/wp\/v2\/posts"}],"about":[{"href":"https:\/\/cultura.sma.gob.ar\/index.php?rest_route=\/wp\/v2\/types\/post"}],"author":[{"embeddable":true,"href":"https:\/\/cultura.sma.gob.ar\/index.php?rest_route=\/wp\/v2\/users\/1"}],"replies":[{"embeddable":true,"href":"https:\/\/cultura.sma.gob.ar\/index.php?rest_route=%2Fwp%2Fv2%2Fcomments&post=4887"}],"version-history":[{"count":1,"href":"https:\/\/cultura.sma.gob.ar\/index.php?rest_route=\/wp\/v2\/posts\/4887\/revisions"}],"predecessor-version":[{"id":4888,"href":"https:\/\/cultura.sma.gob.ar\/index.php?rest_route=\/wp\/v2\/posts\/4887\/revisions\/4888"}],"wp:featuredmedia":[{"embeddable":true,"href":"https:\/\/cultura.sma.gob.ar\/index.php?rest_route=\/wp\/v2\/media\/297"}],"wp:attachment":[{"href":"https:\/\/cultura.sma.gob.ar\/index.php?rest_route=%2Fwp%2Fv2%2Fmedia&parent=4887"}],"wp:term":[{"taxonomy":"category","embeddable":true,"href":"https:\/\/cultura.sma.gob.ar\/index.php?rest_route=%2Fwp%2Fv2%2Fcategories&post=4887"},{"taxonomy":"post_tag","embeddable":true,"href":"https:\/\/cultura.sma.gob.ar\/index.php?rest_route=%2Fwp%2Fv2%2Ftags&post=4887"}],"curies":[{"name":"wp","href":"https:\/\/api.w.org\/{rel}","templated":true}]}}