{"id":4883,"date":"2023-08-29T18:37:28","date_gmt":"2023-08-29T21:37:28","guid":{"rendered":"http:\/\/cultura.sma.gob.ar\/?p=4883"},"modified":"2023-08-29T18:37:28","modified_gmt":"2023-08-29T21:37:28","slug":"del-aceite-a-la-cacerola-en-la-sala-amankay","status":"publish","type":"post","link":"https:\/\/cultura.sma.gob.ar\/?p=4883","title":{"rendered":"&#8221;Del aceite a la cacerola&#8221; en la Sala Amankay"},"content":{"rendered":"\n<figure class=\"wp-block-image size-large\"><img loading=\"lazy\" decoding=\"async\" width=\"576\" height=\"1024\" src=\"http:\/\/cultura.sma.gob.ar\/wp-content\/uploads\/2023\/08\/Flyer-final-con-logo-1-576x1024.jpg\" alt=\"\" class=\"wp-image-4884\" srcset=\"https:\/\/cultura.sma.gob.ar\/wp-content\/uploads\/2023\/08\/Flyer-final-con-logo-1-576x1024.jpg 576w, https:\/\/cultura.sma.gob.ar\/wp-content\/uploads\/2023\/08\/Flyer-final-con-logo-1-169x300.jpg 169w, https:\/\/cultura.sma.gob.ar\/wp-content\/uploads\/2023\/08\/Flyer-final-con-logo-1-768x1365.jpg 768w, https:\/\/cultura.sma.gob.ar\/wp-content\/uploads\/2023\/08\/Flyer-final-con-logo-1-864x1536.jpg 864w, https:\/\/cultura.sma.gob.ar\/wp-content\/uploads\/2023\/08\/Flyer-final-con-logo-1-51x90.jpg 51w, https:\/\/cultura.sma.gob.ar\/wp-content\/uploads\/2023\/08\/Flyer-final-con-logo-1.jpg 1080w\" sizes=\"auto, (max-width: 576px) 100vw, 576px\" \/><\/figure>\n\n\n\n<p>El pr\u00f3ximo s\u00e1bado, 16 de septiembre a las 20hs, en nuestra querida Sala Amankay, volvemos a vivir una imperdible propuesta teatral. Llega a San Mart\u00edn de los Andes \u201cDEL ACEITE A LA CACEROLA:&nbsp;<em>UNA DELIRANTE HISTORIA DE LA HISTORIA ARGENTINA\u201d&nbsp;<\/em><\/p>\n\n\n\n<p>\u201cDel Aceite a la Cacerola\u201d invita al espectador a viajar por una delirante l\u00ednea de tiempo sobre nuestra Historia Argentina, desde las invasiones inglesas hasta el 2001. Es all\u00ed donde&nbsp;<strong>dos cocineras opuestas ideol\u00f3gicamente se encuentran atrapadas en la historia<\/strong>. Mientras cocinan, a trav\u00e9s del paso de los a\u00f1os y los gobernantes,&nbsp;<em>desde el t\u00e9 de las cinco durante las invasiones inglesas, el pat\u00e9 de foie de Liniers, el puchero de Yrigoyen, la pizza con champ\u00e1n y el sushi<\/em>, ser\u00e1n testigos de los grandes cambios y los vaivenes de nuestro pasado. Del Aceite a la Cacerola propone al p\u00fablico u<strong>n repaso de la historia argentina, invitando al ejercicio de la memoria a trav\u00e9s del humor y la reflexi\u00f3n.&nbsp;<\/strong><\/p>\n\n\n\n<p>Duraci\u00f3n: Una hora y quince minutos.&nbsp;<\/p>\n\n\n\n<p>Autores:&nbsp;<em>Roberto Cortizo Petraglia y Walter Pe\u00f1a&nbsp;<\/em><\/p>\n\n\n\n<p>Direcci\u00f3n:<em>&nbsp;Roberto Cortizo Petraglia&nbsp;<\/em><\/p>\n\n\n\n<p>Act\u00faan:&nbsp;<em>Cintia Donghi, Margarita Alomar &nbsp;<\/em><\/p>\n\n\n\n<p>Participaci\u00f3n actoral multimedia:<em>&nbsp;Dami\u00e1n de Santo&nbsp;<\/em><\/p>\n\n\n\n<p>Asistente de direcci\u00f3n:&nbsp;<em>Fabian sueldo&nbsp;<\/em><\/p>\n\n\n\n<p>Dise\u00f1o de sonido e iluminaci\u00f3n:&nbsp;<em>Arriola Federico&nbsp;<\/em><\/p>\n\n\n\n<p>Escenograf\u00eda:&nbsp;<em>Laura Donghi&nbsp;<\/em><\/p>\n\n\n\n<p>Entrada Promoci\u00f3n, hasta el 31 de agosto: $1500;<br>Anticipadas, del 1 al 10 de septiembre: $2.000;<br>Y del 11 al 16 de septiembre, $2.500.<br>En venta en la Boleteria del Centro Cultural.&nbsp;<\/p>\n","protected":false},"excerpt":{"rendered":"<p>El pr\u00f3ximo s\u00e1bado, 16 de septiembre a las 20hs, en nuestra querida Sala Amankay, volvemos a vivir una imperdible propuesta teatral. Llega a San Mart\u00edn de los Andes \u201cDEL ACEITE A LA CACEROLA:&nbsp;UNA DELIRANTE HISTORIA DE LA HISTORIA ARGENTINA\u201d&nbsp; \u201cDel Aceite a la Cacerola\u201d invita al espectador a viajar por una delirante l\u00ednea de tiempo sobre nuestra Historia Argentina, desde las invasiones inglesas hasta el &hellip; <a href=\"https:\/\/cultura.sma.gob.ar\/?p=4883\" class=\"more-link\">Continue reading <span class=\"screen-reader-text\">&#8221;Del aceite a la cacerola&#8221; en la Sala Amankay<\/span><\/a><\/p>\n","protected":false},"author":1,"featured_media":297,"comment_status":"closed","ping_status":"","sticky":false,"template":"","format":"image","meta":{"footnotes":""},"categories":[2,9],"tags":[],"class_list":["post-4883","post","type-post","status-publish","format-image","has-post-thumbnail","hentry","category-ciudad-cultural","category-ultimas-noticias","post_format-post-format-image"],"_links":{"self":[{"href":"https:\/\/cultura.sma.gob.ar\/index.php?rest_route=\/wp\/v2\/posts\/4883","targetHints":{"allow":["GET"]}}],"collection":[{"href":"https:\/\/cultura.sma.gob.ar\/index.php?rest_route=\/wp\/v2\/posts"}],"about":[{"href":"https:\/\/cultura.sma.gob.ar\/index.php?rest_route=\/wp\/v2\/types\/post"}],"author":[{"embeddable":true,"href":"https:\/\/cultura.sma.gob.ar\/index.php?rest_route=\/wp\/v2\/users\/1"}],"replies":[{"embeddable":true,"href":"https:\/\/cultura.sma.gob.ar\/index.php?rest_route=%2Fwp%2Fv2%2Fcomments&post=4883"}],"version-history":[{"count":1,"href":"https:\/\/cultura.sma.gob.ar\/index.php?rest_route=\/wp\/v2\/posts\/4883\/revisions"}],"predecessor-version":[{"id":4885,"href":"https:\/\/cultura.sma.gob.ar\/index.php?rest_route=\/wp\/v2\/posts\/4883\/revisions\/4885"}],"wp:featuredmedia":[{"embeddable":true,"href":"https:\/\/cultura.sma.gob.ar\/index.php?rest_route=\/wp\/v2\/media\/297"}],"wp:attachment":[{"href":"https:\/\/cultura.sma.gob.ar\/index.php?rest_route=%2Fwp%2Fv2%2Fmedia&parent=4883"}],"wp:term":[{"taxonomy":"category","embeddable":true,"href":"https:\/\/cultura.sma.gob.ar\/index.php?rest_route=%2Fwp%2Fv2%2Fcategories&post=4883"},{"taxonomy":"post_tag","embeddable":true,"href":"https:\/\/cultura.sma.gob.ar\/index.php?rest_route=%2Fwp%2Fv2%2Ftags&post=4883"}],"curies":[{"name":"wp","href":"https:\/\/api.w.org\/{rel}","templated":true}]}}