{"id":4874,"date":"2023-08-21T20:07:55","date_gmt":"2023-08-21T23:07:55","guid":{"rendered":"http:\/\/cultura.sma.gob.ar\/?p=4874"},"modified":"2023-08-21T20:07:55","modified_gmt":"2023-08-21T23:07:55","slug":"la-secretaria-de-cultura-y-educacion-celebra-40-anos-de-democracia-con-dos-muestras-especiales-en-la-sala-lidaura-chapitel","status":"publish","type":"post","link":"https:\/\/cultura.sma.gob.ar\/?p=4874","title":{"rendered":"La Secretar\u00eda de Cultura y Educaci\u00f3n celebra 40 a\u00f1os de democracia con dos muestras especiales en la sala Lidaura Chapitel"},"content":{"rendered":"\n<figure class=\"wp-block-image size-large\"><img loading=\"lazy\" decoding=\"async\" width=\"819\" height=\"1024\" src=\"http:\/\/cultura.sma.gob.ar\/wp-content\/uploads\/2023\/08\/WhatsApp-Image-2023-08-21-at-11.51.59-AM-819x1024.jpeg\" alt=\"\" class=\"wp-image-4875\" srcset=\"https:\/\/cultura.sma.gob.ar\/wp-content\/uploads\/2023\/08\/WhatsApp-Image-2023-08-21-at-11.51.59-AM-819x1024.jpeg 819w, https:\/\/cultura.sma.gob.ar\/wp-content\/uploads\/2023\/08\/WhatsApp-Image-2023-08-21-at-11.51.59-AM-240x300.jpeg 240w, https:\/\/cultura.sma.gob.ar\/wp-content\/uploads\/2023\/08\/WhatsApp-Image-2023-08-21-at-11.51.59-AM-768x961.jpeg 768w, https:\/\/cultura.sma.gob.ar\/wp-content\/uploads\/2023\/08\/WhatsApp-Image-2023-08-21-at-11.51.59-AM-1228x1536.jpeg 1228w, https:\/\/cultura.sma.gob.ar\/wp-content\/uploads\/2023\/08\/WhatsApp-Image-2023-08-21-at-11.51.59-AM-72x90.jpeg 72w, https:\/\/cultura.sma.gob.ar\/wp-content\/uploads\/2023\/08\/WhatsApp-Image-2023-08-21-at-11.51.59-AM.jpeg 1279w\" sizes=\"auto, (max-width: 819px) 100vw, 819px\" \/><\/figure>\n\n\n\n<p><br>Desde el 25 de agosto y hasta el 14 de octubre la sala Lidaura Chapitel ofrecer\u00e1 2 muestras de fotograf\u00edas al alto valor hist\u00f3rico y documental, para celebrar los 40 a\u00f1os de la recuperaci\u00f3n de la democracia.<\/p>\n\n\n\n<p>La primera de ellas, \u201cConstructor de democracia\u201d, es una muestra de trabajos de destacados fotodocumentalistas que tiene como eje tem\u00e1tico la figura de Ra\u00fal Alfons\u00edn. Se compone de 30 fotograf\u00edas que retratan diferentes momentos de la vida pol\u00edtica de Alfons\u00edn, centr\u00e1ndose especialmente en su Presidencia, en la que reconstruy\u00f3 el Estado de derecho y la vigencia del sistema democr\u00e1tico.<\/p>\n\n\n\n<p>Esta muestra pertenece al Instituto Nacional Irigoyeneano, del Ministerio de Cultura de la Naci\u00f3n, y cuenta con la curadur\u00eda de Diego Barovero y Daniela Sattara. El montaje que tendremos en nuestra ciudad incorpora im\u00e1genes de peri\u00f3dicos de \u00e9poca y fotograf\u00edas que ofrecen testimonio de las visitas que hizo Alfons\u00edn a la Provincia del Neuqu\u00e9n y a San Mart\u00edn de los Andes, en 1984. Este material fue suministrado generosamente por Marta Rossi y por el diario R\u00edo Negro, con digitalizaciones realizadas por Dardo Gobbi.<br>La muestra \u201cConstructor de democracia\u201d se inaugurar\u00e1 el viernes 25 de agosto a las 20 hs en la Sala Municipal de Exposiciones Lidaura Chapitel y podr\u00e1 ser visitada hasta el 16 de setiembre.<\/p>\n\n\n\n<p>Posteriormente, el 22 de septiembre quedar\u00e1 inaugurada la muestra \u201cArgentina. 40 a\u00f1os en democracia\u201d, de la Fundaci\u00f3n El Libro y la Asociaci\u00f3n de Reporteros Gr\u00e1ficos de la Rep\u00fablica Argentina. En este caso se trata de una serie de 42 fotograf\u00edas de prensa que recorre los 40 a\u00f1os transitados por nuestro pa\u00eds desde la vuelta a la democracia. Esta muestra permanecer\u00e1 en la sala Chapitel durante el desarrollo de la 17\u00b0 Feria Regional del Libro.<\/p>\n\n\n\n<p>Con estas dos muestras invitamos a la comunidad a repasar algunos de los momentos m\u00e1s significativos de las \u00faltimas d\u00e9cadas de la historia argentina, generando un espacio para reflexionar sobre la importancia de la democracia como sistema pol\u00edtico que garantiza igualdad de derechos, respeto a las diferencias y la construcci\u00f3n de una memoria colectiva que nos define como Naci\u00f3n.<\/p>\n","protected":false},"excerpt":{"rendered":"<p>Desde el 25 de agosto y hasta el 14 de octubre la sala Lidaura Chapitel ofrecer\u00e1 2 muestras de fotograf\u00edas al alto valor hist\u00f3rico y documental, para celebrar los 40 a\u00f1os de la recuperaci\u00f3n de la democracia. La primera de ellas, \u201cConstructor de democracia\u201d, es una muestra de trabajos de destacados fotodocumentalistas que tiene como eje tem\u00e1tico la figura de Ra\u00fal Alfons\u00edn. Se compone de &hellip; <a href=\"https:\/\/cultura.sma.gob.ar\/?p=4874\" class=\"more-link\">Continue reading <span class=\"screen-reader-text\">La Secretar\u00eda de Cultura y Educaci\u00f3n celebra 40 a\u00f1os de democracia con dos muestras especiales en la sala Lidaura Chapitel<\/span><\/a><\/p>\n","protected":false},"author":1,"featured_media":295,"comment_status":"closed","ping_status":"","sticky":false,"template":"","format":"image","meta":{"footnotes":""},"categories":[6,9],"tags":[],"class_list":["post-4874","post","type-post","status-publish","format-image","has-post-thumbnail","hentry","category-sala-lidaura-chapitel","category-ultimas-noticias","post_format-post-format-image"],"_links":{"self":[{"href":"https:\/\/cultura.sma.gob.ar\/index.php?rest_route=\/wp\/v2\/posts\/4874","targetHints":{"allow":["GET"]}}],"collection":[{"href":"https:\/\/cultura.sma.gob.ar\/index.php?rest_route=\/wp\/v2\/posts"}],"about":[{"href":"https:\/\/cultura.sma.gob.ar\/index.php?rest_route=\/wp\/v2\/types\/post"}],"author":[{"embeddable":true,"href":"https:\/\/cultura.sma.gob.ar\/index.php?rest_route=\/wp\/v2\/users\/1"}],"replies":[{"embeddable":true,"href":"https:\/\/cultura.sma.gob.ar\/index.php?rest_route=%2Fwp%2Fv2%2Fcomments&post=4874"}],"version-history":[{"count":1,"href":"https:\/\/cultura.sma.gob.ar\/index.php?rest_route=\/wp\/v2\/posts\/4874\/revisions"}],"predecessor-version":[{"id":4876,"href":"https:\/\/cultura.sma.gob.ar\/index.php?rest_route=\/wp\/v2\/posts\/4874\/revisions\/4876"}],"wp:featuredmedia":[{"embeddable":true,"href":"https:\/\/cultura.sma.gob.ar\/index.php?rest_route=\/wp\/v2\/media\/295"}],"wp:attachment":[{"href":"https:\/\/cultura.sma.gob.ar\/index.php?rest_route=%2Fwp%2Fv2%2Fmedia&parent=4874"}],"wp:term":[{"taxonomy":"category","embeddable":true,"href":"https:\/\/cultura.sma.gob.ar\/index.php?rest_route=%2Fwp%2Fv2%2Fcategories&post=4874"},{"taxonomy":"post_tag","embeddable":true,"href":"https:\/\/cultura.sma.gob.ar\/index.php?rest_route=%2Fwp%2Fv2%2Ftags&post=4874"}],"curies":[{"name":"wp","href":"https:\/\/api.w.org\/{rel}","templated":true}]}}