{"id":4870,"date":"2023-08-21T19:56:19","date_gmt":"2023-08-21T22:56:19","guid":{"rendered":"http:\/\/cultura.sma.gob.ar\/?p=4870"},"modified":"2023-08-21T19:56:19","modified_gmt":"2023-08-21T22:56:19","slug":"taller-economia-del-conocimiento","status":"publish","type":"post","link":"https:\/\/cultura.sma.gob.ar\/?p=4870","title":{"rendered":"Taller &#8220;ECONOM\u00cdA DEL CONOCIMIENTO&#8221;"},"content":{"rendered":"\n<figure class=\"wp-block-image size-large\"><img loading=\"lazy\" decoding=\"async\" width=\"576\" height=\"1024\" src=\"http:\/\/cultura.sma.gob.ar\/wp-content\/uploads\/2023\/08\/Taller-Story-576x1024.png\" alt=\"\" class=\"wp-image-4871\" srcset=\"https:\/\/cultura.sma.gob.ar\/wp-content\/uploads\/2023\/08\/Taller-Story-576x1024.png 576w, https:\/\/cultura.sma.gob.ar\/wp-content\/uploads\/2023\/08\/Taller-Story-169x300.png 169w, https:\/\/cultura.sma.gob.ar\/wp-content\/uploads\/2023\/08\/Taller-Story-768x1365.png 768w, https:\/\/cultura.sma.gob.ar\/wp-content\/uploads\/2023\/08\/Taller-Story-864x1536.png 864w, https:\/\/cultura.sma.gob.ar\/wp-content\/uploads\/2023\/08\/Taller-Story-51x90.png 51w, https:\/\/cultura.sma.gob.ar\/wp-content\/uploads\/2023\/08\/Taller-Story.png 1080w\" sizes=\"auto, (max-width: 576px) 100vw, 576px\" \/><\/figure>\n\n\n\n<p>En Neuqu\u00e9n la Econom\u00eda del Conocimiento est\u00e1 transformando la matriz productiva provincial.<br>Si ya sos parte de esta transformaci\u00f3n o tenes una iniciativa, emprendimiento o empresa basado en la Econom\u00eda del Conocimiento SUMATE a los primeros talleres de Econom\u00eda del Conocimiento organizados por CentroPyme en colaboraci\u00f3n con el Cluster Infotech y la Base de Innovaci\u00f3n Tecnol\u00f3gica (BIT) de Cotesma.<\/p>\n\n\n\n<p>TE ESPERAMOS en el Centro Cultural Cotesma de San Mart\u00edn de los Andes el pr\u00f3ximo lunes 28 de Agosto a las 14:00.<br>REGISTRATE en&nbsp;<a href=\"https:\/\/correo.smandes.gov.ar\/owa\/redir.aspx?C=dc95c5c6031f45548382aff65826d401&amp;URL=https%3a%2f%2fbit.ly%2f3DZGhtG\" target=\"_blank\" rel=\"noreferrer noopener\">https:\/\/bit.ly\/3DZGhtG<\/a>&nbsp;<\/p>\n","protected":false},"excerpt":{"rendered":"<p>En Neuqu\u00e9n la Econom\u00eda del Conocimiento est\u00e1 transformando la matriz productiva provincial.Si ya sos parte de esta transformaci\u00f3n o tenes una iniciativa, emprendimiento o empresa basado en la Econom\u00eda del Conocimiento SUMATE a los primeros talleres de Econom\u00eda del Conocimiento organizados por CentroPyme en colaboraci\u00f3n con el Cluster Infotech y la Base de Innovaci\u00f3n Tecnol\u00f3gica (BIT) de Cotesma. TE ESPERAMOS en el Centro Cultural Cotesma &hellip; <a href=\"https:\/\/cultura.sma.gob.ar\/?p=4870\" class=\"more-link\">Continue reading <span class=\"screen-reader-text\">Taller &#8220;ECONOM\u00cdA DEL CONOCIMIENTO&#8221;<\/span><\/a><\/p>\n","protected":false},"author":1,"featured_media":297,"comment_status":"closed","ping_status":"","sticky":false,"template":"","format":"image","meta":{"footnotes":""},"categories":[2,9],"tags":[],"class_list":["post-4870","post","type-post","status-publish","format-image","has-post-thumbnail","hentry","category-ciudad-cultural","category-ultimas-noticias","post_format-post-format-image"],"_links":{"self":[{"href":"https:\/\/cultura.sma.gob.ar\/index.php?rest_route=\/wp\/v2\/posts\/4870","targetHints":{"allow":["GET"]}}],"collection":[{"href":"https:\/\/cultura.sma.gob.ar\/index.php?rest_route=\/wp\/v2\/posts"}],"about":[{"href":"https:\/\/cultura.sma.gob.ar\/index.php?rest_route=\/wp\/v2\/types\/post"}],"author":[{"embeddable":true,"href":"https:\/\/cultura.sma.gob.ar\/index.php?rest_route=\/wp\/v2\/users\/1"}],"replies":[{"embeddable":true,"href":"https:\/\/cultura.sma.gob.ar\/index.php?rest_route=%2Fwp%2Fv2%2Fcomments&post=4870"}],"version-history":[{"count":1,"href":"https:\/\/cultura.sma.gob.ar\/index.php?rest_route=\/wp\/v2\/posts\/4870\/revisions"}],"predecessor-version":[{"id":4872,"href":"https:\/\/cultura.sma.gob.ar\/index.php?rest_route=\/wp\/v2\/posts\/4870\/revisions\/4872"}],"wp:featuredmedia":[{"embeddable":true,"href":"https:\/\/cultura.sma.gob.ar\/index.php?rest_route=\/wp\/v2\/media\/297"}],"wp:attachment":[{"href":"https:\/\/cultura.sma.gob.ar\/index.php?rest_route=%2Fwp%2Fv2%2Fmedia&parent=4870"}],"wp:term":[{"taxonomy":"category","embeddable":true,"href":"https:\/\/cultura.sma.gob.ar\/index.php?rest_route=%2Fwp%2Fv2%2Fcategories&post=4870"},{"taxonomy":"post_tag","embeddable":true,"href":"https:\/\/cultura.sma.gob.ar\/index.php?rest_route=%2Fwp%2Fv2%2Ftags&post=4870"}],"curies":[{"name":"wp","href":"https:\/\/api.w.org\/{rel}","templated":true}]}}