{"id":4865,"date":"2023-08-15T19:59:39","date_gmt":"2023-08-15T22:59:39","guid":{"rendered":"http:\/\/cultura.sma.gob.ar\/?p=4865"},"modified":"2023-08-15T19:59:39","modified_gmt":"2023-08-15T22:59:39","slug":"se-viene-el-concurso-de-hacheros","status":"publish","type":"post","link":"https:\/\/cultura.sma.gob.ar\/?p=4865","title":{"rendered":"SE VIENE EL CONCURSO DE HACHEROS"},"content":{"rendered":"\n<figure class=\"wp-block-image size-large\"><img loading=\"lazy\" decoding=\"async\" width=\"819\" height=\"1024\" src=\"http:\/\/cultura.sma.gob.ar\/wp-content\/uploads\/2023\/08\/SMA-GE0007-42\u00b0-Fiesta-Nacional-del-Montan\u0303e\u0301s_4x5-819x1024.jpg\" alt=\"\" class=\"wp-image-4866\" srcset=\"https:\/\/cultura.sma.gob.ar\/wp-content\/uploads\/2023\/08\/SMA-GE0007-42\u00b0-Fiesta-Nacional-del-Montan\u0303e\u0301s_4x5-819x1024.jpg 819w, https:\/\/cultura.sma.gob.ar\/wp-content\/uploads\/2023\/08\/SMA-GE0007-42\u00b0-Fiesta-Nacional-del-Montan\u0303e\u0301s_4x5-240x300.jpg 240w, https:\/\/cultura.sma.gob.ar\/wp-content\/uploads\/2023\/08\/SMA-GE0007-42\u00b0-Fiesta-Nacional-del-Montan\u0303e\u0301s_4x5-768x960.jpg 768w, https:\/\/cultura.sma.gob.ar\/wp-content\/uploads\/2023\/08\/SMA-GE0007-42\u00b0-Fiesta-Nacional-del-Montan\u0303e\u0301s_4x5-72x90.jpg 72w, https:\/\/cultura.sma.gob.ar\/wp-content\/uploads\/2023\/08\/SMA-GE0007-42\u00b0-Fiesta-Nacional-del-Montan\u0303e\u0301s_4x5.jpg 1200w\" sizes=\"auto, (max-width: 819px) 100vw, 819px\" \/><\/figure>\n\n\n\n<p><\/p>\n\n\n\n<p>El pr\u00f3ximo domingo 20 de agosto, sobre la Avenida San Mart\u00edn y en pleno centro c\u00edvico de nuestra ciudad, se llevar\u00e1 a cabo una nueva edici\u00f3n del <em>Concurso de hacheros, hacheras, hacheritos, motosierristas y sierras corvina<\/em>, en el marco de la 42\u00aa Fiesta Nacional del Monta\u00f1\u00e9s.<\/p>\n\n\n\n<p>Cerca de 70 competidores, no s\u00f3lo de San Mart\u00edn de los Andes, sino tambi\u00e9n de \u00a0Bariloche, Villa la Angostura, Alumin\u00e9 y otras localidades de la regi\u00f3n, participar\u00e1n en las cinco categor\u00edas que propone este Concurso.<\/p>\n\n\n\n<p>Se trata de una de las m\u00e1s aut\u00e9nticas manifestaciones de la cultura local, que a\u00f1o tras a\u00f1o despierta un creciente entusiasmo en nuestra comunidad y que a su vez, es un singular atractivo para los turistas que nos visitan en la temporada de invierno.<\/p>\n\n\n\n<p>El evento se iniciar\u00e1 a las 13 hs con la acreditaci\u00f3n de los competidores y la presentaci\u00f3n de la Fanfarria El Hinojal.<\/p>\n\n\n\n<p>Poco despu\u00e9s tendr\u00e1 lugar la primera ronda de \u201chacheros\u201d, categor\u00eda en la que se pone en juego por tercera vez la Copa \u201cMadereros del Lago L\u00e1car\u201d, ganada por Osvaldo Sandoval en 2021 y por Alejandro Cruz Concha en 2022.<\/p>\n\n\n\n<p>El concurso continuar\u00e1 con las categor\u00edas \u201chacheras\u201d, \u201chacheritos\u201d, \u201cmotosierristas\u201d y \u201csierras corvina\u201d, para terminar con la ronda final de \u201chacheros\u201d, disputada con rollizos de 70 cm de di\u00e1metro.<\/p>\n\n\n\n<p>La competencia contar\u00e1 con un Circuito Cerrado de TV. Una suerte de \u201cVAR\u201d destinado a dirimir las situaciones dudosas que puedan presentarse en el juego.<\/p>\n\n\n\n<p>Antes de la premiaci\u00f3n, el p\u00fablico podr\u00e1 disfrutar de las cl\u00e1sicas tortas fritas y del chocolate caliente elaborado por Gendarmer\u00eda Nacional en su cocina de campa\u00f1a.<\/p>\n\n\n\n<p>El programa de actividades finalizar\u00e1 con la premiaci\u00f3n al 1\u00b0, 2\u00b0 y 3\u00b0 puesto de cada categor\u00eda. Para esto se cuenta con los productos aportados por casi un centenar de comercios locales y de empresas y entidades que acompa\u00f1an la realizaci\u00f3n de esta fiesta, como Stihl y el Sindicato de Obreros y Empleados de la Industria Maderera de Neuqu\u00e9n.<\/p>\n\n\n\n<p>Los m\u00e1s de 70 rollizos que se utilizan en la competencia son aportados por Corfone y la Estancia Quechuquina, dos acompa\u00f1antes hist\u00f3ricos de esta Fiesta Nacional del Monta\u00f1\u00e9s (toda la madera es de pino, con lo cual se evita el impacto sobre el bosque nativo).<\/p>\n\n\n\n<p>Como cada a\u00f1o el Concurso contar\u00e1 con la presencia de su mentor, Eberardo Hoepke, junto a su hijo Bertil, con la colaboraci\u00f3n incansable de Alejandro Concha y familia, y el acompa\u00f1amiento firme de Omar Zavaleta. Y en esta oportunidad se sumar\u00e1n los SCOUTS de San Mart\u00edn de los Andes, ayudando a realizar las m\u00faltiples tareas que requiere la organizaci\u00f3n de este evento.<\/p>\n\n\n\n<p>Tambi\u00e9n estar\u00e1n presentes el Hospital Dr. Ram\u00f3n Carrillo con su Punto Saludable y la Asociaci\u00f3n de Bomberos Voluntarios, con su m\u00f3vil de rescate.<\/p>\n\n\n\n<p>Como novedad, participar\u00e1 el taller municipal de Croquiseros Urbanos, que desde hace tres a\u00f1os dibuja el patrimonio arquitect\u00f3nico de la ciudad. Esta ser\u00e1 la primera vez que registran una expresi\u00f3n del patrimonio cultural \u201cinmaterial\u201d, entendiendo que el concurso de hacheros es un evento vinculado a la historia y la identidad de San Mart\u00edn de los Andes.<\/p>\n\n\n\n<p><strong>Las inscripciones para los competidores <\/strong>que deseen participar en las categor\u00edas hacheros, hacheras, hacheritos, motosieristas y sierras corvina <strong>permanecer\u00e1n abiertas hasta el mi\u00e9rcoles 16 de agosto<\/strong>. Para esto deben acercarse con DNI a la Secretar\u00eda de Cultura (Cap. Drury 655), entre las 8 y las 19 hs, o comunicarse al tel\u00e9fono fijo 02972 &#8211; 424804.<\/p>\n\n\n\n<p>Esta 42\u00aa Fiesta Nacional del Monta\u00f1\u00e9s se realiza con el apoyo del Ministerio de Cultura de la Naci\u00f3n, a trav\u00e9s del Programa Festivales Argentinos. Y cuenta tambi\u00e9n con la colaboraci\u00f3n del gobierno de la Provincia del Neuqu\u00e9n, en el marco del convenio de financiamiento para la promoci\u00f3n de la producci\u00f3n, el turismo sustentable y el desarrollo de industrias culturales, suscripto entre el Consejo Federal de Inversiones, COPADE y el Ministerio de Turismo.<\/p>\n","protected":false},"excerpt":{"rendered":"<p>El pr\u00f3ximo domingo 20 de agosto, sobre la Avenida San Mart\u00edn y en pleno centro c\u00edvico de nuestra ciudad, se llevar\u00e1 a cabo una nueva edici\u00f3n del Concurso de hacheros, hacheras, hacheritos, motosierristas y sierras corvina, en el marco de la 42\u00aa Fiesta Nacional del Monta\u00f1\u00e9s. Cerca de 70 competidores, no s\u00f3lo de San Mart\u00edn de los Andes, sino tambi\u00e9n de \u00a0Bariloche, Villa la Angostura, &hellip; <a href=\"https:\/\/cultura.sma.gob.ar\/?p=4865\" class=\"more-link\">Continue reading <span class=\"screen-reader-text\">SE VIENE EL CONCURSO DE HACHEROS<\/span><\/a><\/p>\n","protected":false},"author":1,"featured_media":296,"comment_status":"closed","ping_status":"","sticky":false,"template":"","format":"image","meta":{"footnotes":""},"categories":[3,9],"tags":[],"class_list":["post-4865","post","type-post","status-publish","format-image","has-post-thumbnail","hentry","category-eventos-cultura","category-ultimas-noticias","post_format-post-format-image"],"_links":{"self":[{"href":"https:\/\/cultura.sma.gob.ar\/index.php?rest_route=\/wp\/v2\/posts\/4865","targetHints":{"allow":["GET"]}}],"collection":[{"href":"https:\/\/cultura.sma.gob.ar\/index.php?rest_route=\/wp\/v2\/posts"}],"about":[{"href":"https:\/\/cultura.sma.gob.ar\/index.php?rest_route=\/wp\/v2\/types\/post"}],"author":[{"embeddable":true,"href":"https:\/\/cultura.sma.gob.ar\/index.php?rest_route=\/wp\/v2\/users\/1"}],"replies":[{"embeddable":true,"href":"https:\/\/cultura.sma.gob.ar\/index.php?rest_route=%2Fwp%2Fv2%2Fcomments&post=4865"}],"version-history":[{"count":1,"href":"https:\/\/cultura.sma.gob.ar\/index.php?rest_route=\/wp\/v2\/posts\/4865\/revisions"}],"predecessor-version":[{"id":4867,"href":"https:\/\/cultura.sma.gob.ar\/index.php?rest_route=\/wp\/v2\/posts\/4865\/revisions\/4867"}],"wp:featuredmedia":[{"embeddable":true,"href":"https:\/\/cultura.sma.gob.ar\/index.php?rest_route=\/wp\/v2\/media\/296"}],"wp:attachment":[{"href":"https:\/\/cultura.sma.gob.ar\/index.php?rest_route=%2Fwp%2Fv2%2Fmedia&parent=4865"}],"wp:term":[{"taxonomy":"category","embeddable":true,"href":"https:\/\/cultura.sma.gob.ar\/index.php?rest_route=%2Fwp%2Fv2%2Fcategories&post=4865"},{"taxonomy":"post_tag","embeddable":true,"href":"https:\/\/cultura.sma.gob.ar\/index.php?rest_route=%2Fwp%2Fv2%2Ftags&post=4865"}],"curies":[{"name":"wp","href":"https:\/\/api.w.org\/{rel}","templated":true}]}}