{"id":4858,"date":"2023-08-13T21:13:05","date_gmt":"2023-08-14T00:13:05","guid":{"rendered":"http:\/\/cultura.sma.gob.ar\/?p=4858"},"modified":"2023-08-13T21:13:05","modified_gmt":"2023-08-14T00:13:05","slug":"pintura-en-vivo-guido-franco-ferrari-en-paihuen","status":"publish","type":"post","link":"https:\/\/cultura.sma.gob.ar\/?p=4858","title":{"rendered":"Pintura en vivo: Guido Franco Ferrari en Paihuen"},"content":{"rendered":"\n<figure class=\"wp-block-image size-large\"><img loading=\"lazy\" decoding=\"async\" width=\"800\" height=\"600\" src=\"http:\/\/cultura.sma.gob.ar\/wp-content\/uploads\/2023\/08\/Mailing.jpg\" alt=\"\" class=\"wp-image-4859\" srcset=\"https:\/\/cultura.sma.gob.ar\/wp-content\/uploads\/2023\/08\/Mailing.jpg 800w, https:\/\/cultura.sma.gob.ar\/wp-content\/uploads\/2023\/08\/Mailing-300x225.jpg 300w, https:\/\/cultura.sma.gob.ar\/wp-content\/uploads\/2023\/08\/Mailing-768x576.jpg 768w, https:\/\/cultura.sma.gob.ar\/wp-content\/uploads\/2023\/08\/Mailing-120x90.jpg 120w\" sizes=\"auto, (max-width: 800px) 100vw, 800px\" \/><\/figure>\n\n\n\n<p>Paihuen y Colecci\u00f3n Georg los invitan a disfrutar de una noche diferente en San Mart\u00edn de los Andes, con pintura en vivo de Guido Franco Ferrari.<\/p>\n\n\n\n<p>Contaremos con la presencia de Tom\u00e1s Stancatti que nos deleitar\u00e1 con m\u00fasica de jazz al piano.<\/p>\n\n\n\n<p>Podremos degustar unos deliciosos vinos de la Bodega Catena Zapata y un bandejeo especial preparado por el chef Ra\u00fal Rol\u00f3n.<\/p>\n\n\n\n<p>Adem\u00e1s de ver al artista pintar en vivo, se podr\u00e1 conocer parte de su obra exhibida en el sal\u00f3n.<\/p>\n\n\n\n<p>Los esperamos el viernes 18 de agosto a las 19.30h.<\/p>\n\n\n\n<p>$8000 por persona&nbsp;<\/p>\n\n\n\n<p>(50% menores de 11 a\u00f1os)<\/p>\n\n\n\n<p>Solo con reserva por WhatsApp al +54 9 294 461 1250<\/p>\n","protected":false},"excerpt":{"rendered":"<p>Paihuen y Colecci\u00f3n Georg los invitan a disfrutar de una noche diferente en San Mart\u00edn de los Andes, con pintura en vivo de Guido Franco Ferrari. Contaremos con la presencia de Tom\u00e1s Stancatti que nos deleitar\u00e1 con m\u00fasica de jazz al piano. Podremos degustar unos deliciosos vinos de la Bodega Catena Zapata y un bandejeo especial preparado por el chef Ra\u00fal Rol\u00f3n. Adem\u00e1s de ver &hellip; <a href=\"https:\/\/cultura.sma.gob.ar\/?p=4858\" class=\"more-link\">Continue reading <span class=\"screen-reader-text\">Pintura en vivo: Guido Franco Ferrari en Paihuen<\/span><\/a><\/p>\n","protected":false},"author":1,"featured_media":297,"comment_status":"closed","ping_status":"","sticky":false,"template":"","format":"image","meta":{"footnotes":""},"categories":[2,9],"tags":[],"class_list":["post-4858","post","type-post","status-publish","format-image","has-post-thumbnail","hentry","category-ciudad-cultural","category-ultimas-noticias","post_format-post-format-image"],"_links":{"self":[{"href":"https:\/\/cultura.sma.gob.ar\/index.php?rest_route=\/wp\/v2\/posts\/4858","targetHints":{"allow":["GET"]}}],"collection":[{"href":"https:\/\/cultura.sma.gob.ar\/index.php?rest_route=\/wp\/v2\/posts"}],"about":[{"href":"https:\/\/cultura.sma.gob.ar\/index.php?rest_route=\/wp\/v2\/types\/post"}],"author":[{"embeddable":true,"href":"https:\/\/cultura.sma.gob.ar\/index.php?rest_route=\/wp\/v2\/users\/1"}],"replies":[{"embeddable":true,"href":"https:\/\/cultura.sma.gob.ar\/index.php?rest_route=%2Fwp%2Fv2%2Fcomments&post=4858"}],"version-history":[{"count":1,"href":"https:\/\/cultura.sma.gob.ar\/index.php?rest_route=\/wp\/v2\/posts\/4858\/revisions"}],"predecessor-version":[{"id":4860,"href":"https:\/\/cultura.sma.gob.ar\/index.php?rest_route=\/wp\/v2\/posts\/4858\/revisions\/4860"}],"wp:featuredmedia":[{"embeddable":true,"href":"https:\/\/cultura.sma.gob.ar\/index.php?rest_route=\/wp\/v2\/media\/297"}],"wp:attachment":[{"href":"https:\/\/cultura.sma.gob.ar\/index.php?rest_route=%2Fwp%2Fv2%2Fmedia&parent=4858"}],"wp:term":[{"taxonomy":"category","embeddable":true,"href":"https:\/\/cultura.sma.gob.ar\/index.php?rest_route=%2Fwp%2Fv2%2Fcategories&post=4858"},{"taxonomy":"post_tag","embeddable":true,"href":"https:\/\/cultura.sma.gob.ar\/index.php?rest_route=%2Fwp%2Fv2%2Ftags&post=4858"}],"curies":[{"name":"wp","href":"https:\/\/api.w.org\/{rel}","templated":true}]}}