{"id":4855,"date":"2023-08-13T21:11:18","date_gmt":"2023-08-14T00:11:18","guid":{"rendered":"http:\/\/cultura.sma.gob.ar\/?p=4855"},"modified":"2023-08-13T21:11:18","modified_gmt":"2023-08-14T00:11:18","slug":"mujeres-de-negro-en-la-sala-amankay","status":"publish","type":"post","link":"https:\/\/cultura.sma.gob.ar\/?p=4855","title":{"rendered":"&#8220;MUJERES DE NEGRO&#8221; en la Sala Amankay"},"content":{"rendered":"\n\n\n<p>El pr\u00f3ximo s\u00e1bado, 02 de septiembre a las 21:30hs, vuelve a la Sala Amankay, \u201cMUJERES DE NEGRO\u201d, bajo la direcci\u00f3n de Gustavo Lozano&nbsp;<\/p>\n\n\n\n<p>Esta comedia del autor Luis Mansilla, ahora protagonizada por Silvina Garc\u00eda, Ma. Eugenia Pessolano y Luisa Torreira, explora el universo de tres mujeres sostenidas por las fantas\u00edas y los rencores de un pasado que no logran dejar atr\u00e1s. Los personajes se encuentran todos los a\u00f1os en el mismo lugar, para cumplir con una promesa que se han impuesto como parte de la costumbre social. El humor domina la escena que, entre las risas y los recuerdos, va desvelando una realidad donde los m\u00e1s profundos sentimientos afloran y la verdad finalmente se hace presente.<br><br>&nbsp;<\/p>\n\n\n\n<p>Entradas en venta en la Boleteria del Centro Cultural:<br>Jubilados y Estudiantes $1500.- Entrada General $2000.-&nbsp;<\/p>\n","protected":false},"excerpt":{"rendered":"<p>El pr\u00f3ximo s\u00e1bado, 02 de septiembre a las 21:30hs, vuelve a la Sala Amankay, \u201cMUJERES DE NEGRO\u201d, bajo la direcci\u00f3n de Gustavo Lozano&nbsp; Esta comedia del autor Luis Mansilla, ahora protagonizada por Silvina Garc\u00eda, Ma. Eugenia Pessolano y Luisa Torreira, explora el universo de tres mujeres sostenidas por las fantas\u00edas y los rencores de un pasado que no logran dejar atr\u00e1s. Los personajes se encuentran &hellip; <a href=\"https:\/\/cultura.sma.gob.ar\/?p=4855\" class=\"more-link\">Continue reading <span class=\"screen-reader-text\">&#8220;MUJERES DE NEGRO&#8221; en la Sala Amankay<\/span><\/a><\/p>\n","protected":false},"author":1,"featured_media":297,"comment_status":"closed","ping_status":"","sticky":false,"template":"","format":"image","meta":{"footnotes":""},"categories":[2,9],"tags":[],"class_list":["post-4855","post","type-post","status-publish","format-image","has-post-thumbnail","hentry","category-ciudad-cultural","category-ultimas-noticias","post_format-post-format-image"],"_links":{"self":[{"href":"https:\/\/cultura.sma.gob.ar\/index.php?rest_route=\/wp\/v2\/posts\/4855","targetHints":{"allow":["GET"]}}],"collection":[{"href":"https:\/\/cultura.sma.gob.ar\/index.php?rest_route=\/wp\/v2\/posts"}],"about":[{"href":"https:\/\/cultura.sma.gob.ar\/index.php?rest_route=\/wp\/v2\/types\/post"}],"author":[{"embeddable":true,"href":"https:\/\/cultura.sma.gob.ar\/index.php?rest_route=\/wp\/v2\/users\/1"}],"replies":[{"embeddable":true,"href":"https:\/\/cultura.sma.gob.ar\/index.php?rest_route=%2Fwp%2Fv2%2Fcomments&post=4855"}],"version-history":[{"count":1,"href":"https:\/\/cultura.sma.gob.ar\/index.php?rest_route=\/wp\/v2\/posts\/4855\/revisions"}],"predecessor-version":[{"id":4856,"href":"https:\/\/cultura.sma.gob.ar\/index.php?rest_route=\/wp\/v2\/posts\/4855\/revisions\/4856"}],"wp:featuredmedia":[{"embeddable":true,"href":"https:\/\/cultura.sma.gob.ar\/index.php?rest_route=\/wp\/v2\/media\/297"}],"wp:attachment":[{"href":"https:\/\/cultura.sma.gob.ar\/index.php?rest_route=%2Fwp%2Fv2%2Fmedia&parent=4855"}],"wp:term":[{"taxonomy":"category","embeddable":true,"href":"https:\/\/cultura.sma.gob.ar\/index.php?rest_route=%2Fwp%2Fv2%2Fcategories&post=4855"},{"taxonomy":"post_tag","embeddable":true,"href":"https:\/\/cultura.sma.gob.ar\/index.php?rest_route=%2Fwp%2Fv2%2Ftags&post=4855"}],"curies":[{"name":"wp","href":"https:\/\/api.w.org\/{rel}","templated":true}]}}