{"id":4852,"date":"2023-08-13T21:09:30","date_gmt":"2023-08-14T00:09:30","guid":{"rendered":"http:\/\/cultura.sma.gob.ar\/?p=4852"},"modified":"2023-08-13T21:09:30","modified_gmt":"2023-08-14T00:09:30","slug":"el-silencio-de-un-hombre-en-el-ciclo-de-cine-en-la-sala-amankay","status":"publish","type":"post","link":"https:\/\/cultura.sma.gob.ar\/?p=4852","title":{"rendered":"&#8220;EL SILENCIO DE UN HOMBRE&#8221; en el Ciclo de Cine en la Sala Amankay"},"content":{"rendered":"\n\n\n<p><strong><u>7ma. TEMPORADA \u2013 A\u00d1O 2023 \u2013 CICLO N\u00b0 41&nbsp;<\/u><\/strong>&nbsp;<\/p>\n\n\n\n<p><strong>Ciclo de Cine auspiciado por el Rotary Club de San Mart\u00edn de los Andes<\/strong>&nbsp;<\/p>\n\n\n\n<p><strong><u>A beneficio de la Secci\u00f3n CUIDADOS PALIATIVOS<\/u><\/strong>&nbsp;<strong>del Hospital Ram\u00f3n Carrillo<\/strong>&nbsp;<\/p>\n\n\n\n<p><strong>Mi\u00e9rcoles 16 de Agosto &nbsp;20.30hs \u2013 Sala \u201cAmankay\u201d de Cotesma<\/strong>&nbsp;<\/p>\n\n\n\n<p><strong><u>Programaci\u00f3n y Presentaci\u00f3n:<\/u><\/strong><strong>&nbsp;Guillermo Ianniello<\/strong>&nbsp;<\/p>\n\n\n\n<p>Ciclo&nbsp;<strong>\u201cGRANDES ACTORES CONTEMPOR\u00c1NEOS\u201d<\/strong>&nbsp;<\/p>\n\n\n\n<p><strong><u>\u201cEL SILENCIO DE UN HOMBRE\u201d<\/u><\/strong>.&nbsp;&nbsp;&nbsp;Alain Delon \u2013 Nathalie Delon \u2013 Francois P\u00e9rier&nbsp;&nbsp;<\/p>\n\n\n\n<p>G\u00e9nero: Drama \u2013 Suspenso&nbsp;&nbsp;<\/p>\n\n\n\n<p>Direcci\u00f3n: Jean Pierre Melville&nbsp;<\/p>\n\n\n\n<p>Gui\u00f3n Original: Jean Pierre Melville&nbsp;<\/p>\n\n\n\n<p>Director de Fotograf\u00eda: Henri Decae&nbsp;<\/p>\n\n\n\n<p>Banda Sonora: Fran\u00e7ois de Roubaix&nbsp;&nbsp;<\/p>\n\n\n\n<p>Idioma: Franc\u00e9s &nbsp;&nbsp;<\/p>\n\n\n\n<p>Subt\u00edtulos en espa\u00f1ol&nbsp;<\/p>\n\n\n\n<p>Pa\u00eds de Origen: Francia&nbsp;<\/p>\n\n\n\n<p>Productor: Raymond Borderie&nbsp;<\/p>\n\n\n\n<p>Estudios: CICC&nbsp;<\/p>\n\n\n\n<p>Lugar de Filmaci\u00f3n: Par\u00eds (Francia)&nbsp;<\/p>\n\n\n\n<p>A\u00f1o de Rodaje: 1967&nbsp;<\/p>\n\n\n\n<p>Premios: Mejor Pel\u00edcula de Idioma no Ingl\u00e9s&nbsp;&nbsp;<\/p>\n\n\n\n<p>Duraci\u00f3n: 1 hora 45 minutos&nbsp;<\/p>\n\n\n\n<p><br>El director Melville lleva al extremo la econom\u00eda de medios y datos para construir una intriga pr\u00e1cticamente muda, donde todo es sustancial, nada es accesorio, todo es verdad.<br>Y lo mejor es que con ello, no realiza un ejercicio de estilo, sino que consigue una trama que te ata a la butaca, te clava pegado a su protagonista, te regala una belleza triste e infinita, te emociona con uno de los finales m\u00e1s el\u00edpticos, sorprendentes y redondos que se recuerdan.&nbsp;<\/p>\n\n\n\n<p>La estilizaci\u00f3n del relato, su desnudez y esencialidad, le dan a esta pel\u00edcula un aire abstracto, intemporal y categ\u00f3rico, que eleva su nivel de consideraci\u00f3n e inter\u00e9s.&nbsp;&nbsp;<\/p>\n\n\n\n<p>El personaje principal (magn\u00edfico Alain Delon \u00a1!), construido con riqueza de matices y bien definido, vive en una situaci\u00f3n de extrema soledad, acepta su destino con serenidad y dignidad casi religiosas, hace su trabajo con pretensiones de perfecci\u00f3n y se sit\u00faa ante la eventualidad de su muerte con una serenidad ins\u00f3lita y un enorme autocontrol ps\u00edquico y emocional. Encarna el sentido del honor y de la dignidad, a la manera del samurai japon\u00e9s. Al mismo tiempo encarna al superhombre de Nietzsche. No hay lugar en su esp\u00edritu para los sentimientos humanos. Su figura austera, silenciosa, distante, rigurosa y tr\u00e1gica, ha servido de modelo a numerosas r\u00e9plicas e imitaciones posteriores. Pero ninguna la ha igualado\u2026&nbsp;&nbsp;<\/p>\n\n\n\n<p>Por todo esto brindo por Melville, brindo por su trama y sus im\u00e1genes, brindo por su eficiencia, por Alain Delon y &nbsp;&nbsp;&nbsp;&nbsp;por su silencio, el silencio de un hombre, la dignidad de un samur\u00e1i\u2026&nbsp;<br>Entrada General $500 &#8211; Jubilados $400.-En venta en la boleteria del Centro Cultural.<\/p>\n","protected":false},"excerpt":{"rendered":"<p>7ma. TEMPORADA \u2013 A\u00d1O 2023 \u2013 CICLO N\u00b0 41&nbsp;&nbsp; Ciclo de Cine auspiciado por el Rotary Club de San Mart\u00edn de los Andes&nbsp; A beneficio de la Secci\u00f3n CUIDADOS PALIATIVOS&nbsp;del Hospital Ram\u00f3n Carrillo&nbsp; Mi\u00e9rcoles 16 de Agosto &nbsp;20.30hs \u2013 Sala \u201cAmankay\u201d de Cotesma&nbsp; Programaci\u00f3n y Presentaci\u00f3n:&nbsp;Guillermo Ianniello&nbsp; Ciclo&nbsp;\u201cGRANDES ACTORES CONTEMPOR\u00c1NEOS\u201d&nbsp; \u201cEL SILENCIO DE UN HOMBRE\u201d.&nbsp;&nbsp;&nbsp;Alain Delon \u2013 Nathalie Delon \u2013 Francois P\u00e9rier&nbsp;&nbsp; G\u00e9nero: Drama \u2013 &hellip; <a href=\"https:\/\/cultura.sma.gob.ar\/?p=4852\" class=\"more-link\">Continue reading <span class=\"screen-reader-text\">&#8220;EL SILENCIO DE UN HOMBRE&#8221; en el Ciclo de Cine en la Sala Amankay<\/span><\/a><\/p>\n","protected":false},"author":1,"featured_media":297,"comment_status":"closed","ping_status":"","sticky":false,"template":"","format":"image","meta":{"footnotes":""},"categories":[2,9],"tags":[],"class_list":["post-4852","post","type-post","status-publish","format-image","has-post-thumbnail","hentry","category-ciudad-cultural","category-ultimas-noticias","post_format-post-format-image"],"_links":{"self":[{"href":"https:\/\/cultura.sma.gob.ar\/index.php?rest_route=\/wp\/v2\/posts\/4852","targetHints":{"allow":["GET"]}}],"collection":[{"href":"https:\/\/cultura.sma.gob.ar\/index.php?rest_route=\/wp\/v2\/posts"}],"about":[{"href":"https:\/\/cultura.sma.gob.ar\/index.php?rest_route=\/wp\/v2\/types\/post"}],"author":[{"embeddable":true,"href":"https:\/\/cultura.sma.gob.ar\/index.php?rest_route=\/wp\/v2\/users\/1"}],"replies":[{"embeddable":true,"href":"https:\/\/cultura.sma.gob.ar\/index.php?rest_route=%2Fwp%2Fv2%2Fcomments&post=4852"}],"version-history":[{"count":1,"href":"https:\/\/cultura.sma.gob.ar\/index.php?rest_route=\/wp\/v2\/posts\/4852\/revisions"}],"predecessor-version":[{"id":4853,"href":"https:\/\/cultura.sma.gob.ar\/index.php?rest_route=\/wp\/v2\/posts\/4852\/revisions\/4853"}],"wp:featuredmedia":[{"embeddable":true,"href":"https:\/\/cultura.sma.gob.ar\/index.php?rest_route=\/wp\/v2\/media\/297"}],"wp:attachment":[{"href":"https:\/\/cultura.sma.gob.ar\/index.php?rest_route=%2Fwp%2Fv2%2Fmedia&parent=4852"}],"wp:term":[{"taxonomy":"category","embeddable":true,"href":"https:\/\/cultura.sma.gob.ar\/index.php?rest_route=%2Fwp%2Fv2%2Fcategories&post=4852"},{"taxonomy":"post_tag","embeddable":true,"href":"https:\/\/cultura.sma.gob.ar\/index.php?rest_route=%2Fwp%2Fv2%2Ftags&post=4852"}],"curies":[{"name":"wp","href":"https:\/\/api.w.org\/{rel}","templated":true}]}}