{"id":4848,"date":"2023-08-13T21:07:18","date_gmt":"2023-08-14T00:07:18","guid":{"rendered":"http:\/\/cultura.sma.gob.ar\/?p=4848"},"modified":"2023-08-13T21:07:18","modified_gmt":"2023-08-14T00:07:18","slug":"albricias-se-despide-rumbo-a-mexico","status":"publish","type":"post","link":"https:\/\/cultura.sma.gob.ar\/?p=4848","title":{"rendered":"Albricias se despide rumbo a Mexico"},"content":{"rendered":"\n<figure class=\"wp-block-image size-large\"><img loading=\"lazy\" decoding=\"async\" width=\"530\" height=\"750\" src=\"http:\/\/cultura.sma.gob.ar\/wp-content\/uploads\/2023\/08\/SABADO-20-DE-AGOSTO_.png\" alt=\"\" class=\"wp-image-4849\" srcset=\"https:\/\/cultura.sma.gob.ar\/wp-content\/uploads\/2023\/08\/SABADO-20-DE-AGOSTO_.png 530w, https:\/\/cultura.sma.gob.ar\/wp-content\/uploads\/2023\/08\/SABADO-20-DE-AGOSTO_-212x300.png 212w, https:\/\/cultura.sma.gob.ar\/wp-content\/uploads\/2023\/08\/SABADO-20-DE-AGOSTO_-64x90.png 64w\" sizes=\"auto, (max-width: 530px) 100vw, 530px\" \/><\/figure>\n\n\n\n<p>El pr\u00f3ximo domingo, 20 de agosto a las 20:30hs en nuestra querida Sala Amankay, el Grupo de Danzas Albricias presenta su nuevo espect\u00e1culo: \u201cCOMPARTIENDO SUE\u00d1OS\u201d.&nbsp;<\/p>\n\n\n\n<p>De una manera especial, el Grupo de Danzas local, quiere agradecer, con su nuevo espect\u00e1culo, a todas y cada una de las personas que de manera generosa y desinteresada colaboraron en la concreci\u00f3n del ansiado viaje a M\u00e9xico el pr\u00f3ximo mes de septiembre. El apoyo y el cari\u00f1o recibido, compromete al grupo a dejar bien en alto nuestra bandera y a brindarse plenamente en las danzas.&nbsp;<\/p>\n\n\n\n<p>Valor entrada: $2.000.- En venta en la boleteria del Centro Cultural.&nbsp;Gracias por difundir y compartir.<\/p>\n","protected":false},"excerpt":{"rendered":"<p>El pr\u00f3ximo domingo, 20 de agosto a las 20:30hs en nuestra querida Sala Amankay, el Grupo de Danzas Albricias presenta su nuevo espect\u00e1culo: \u201cCOMPARTIENDO SUE\u00d1OS\u201d.&nbsp; De una manera especial, el Grupo de Danzas local, quiere agradecer, con su nuevo espect\u00e1culo, a todas y cada una de las personas que de manera generosa y desinteresada colaboraron en la concreci\u00f3n del ansiado viaje a M\u00e9xico el pr\u00f3ximo &hellip; <a href=\"https:\/\/cultura.sma.gob.ar\/?p=4848\" class=\"more-link\">Continue reading <span class=\"screen-reader-text\">Albricias se despide rumbo a Mexico<\/span><\/a><\/p>\n","protected":false},"author":1,"featured_media":297,"comment_status":"closed","ping_status":"","sticky":false,"template":"","format":"image","meta":{"footnotes":""},"categories":[2,9],"tags":[],"class_list":["post-4848","post","type-post","status-publish","format-image","has-post-thumbnail","hentry","category-ciudad-cultural","category-ultimas-noticias","post_format-post-format-image"],"_links":{"self":[{"href":"https:\/\/cultura.sma.gob.ar\/index.php?rest_route=\/wp\/v2\/posts\/4848","targetHints":{"allow":["GET"]}}],"collection":[{"href":"https:\/\/cultura.sma.gob.ar\/index.php?rest_route=\/wp\/v2\/posts"}],"about":[{"href":"https:\/\/cultura.sma.gob.ar\/index.php?rest_route=\/wp\/v2\/types\/post"}],"author":[{"embeddable":true,"href":"https:\/\/cultura.sma.gob.ar\/index.php?rest_route=\/wp\/v2\/users\/1"}],"replies":[{"embeddable":true,"href":"https:\/\/cultura.sma.gob.ar\/index.php?rest_route=%2Fwp%2Fv2%2Fcomments&post=4848"}],"version-history":[{"count":1,"href":"https:\/\/cultura.sma.gob.ar\/index.php?rest_route=\/wp\/v2\/posts\/4848\/revisions"}],"predecessor-version":[{"id":4850,"href":"https:\/\/cultura.sma.gob.ar\/index.php?rest_route=\/wp\/v2\/posts\/4848\/revisions\/4850"}],"wp:featuredmedia":[{"embeddable":true,"href":"https:\/\/cultura.sma.gob.ar\/index.php?rest_route=\/wp\/v2\/media\/297"}],"wp:attachment":[{"href":"https:\/\/cultura.sma.gob.ar\/index.php?rest_route=%2Fwp%2Fv2%2Fmedia&parent=4848"}],"wp:term":[{"taxonomy":"category","embeddable":true,"href":"https:\/\/cultura.sma.gob.ar\/index.php?rest_route=%2Fwp%2Fv2%2Fcategories&post=4848"},{"taxonomy":"post_tag","embeddable":true,"href":"https:\/\/cultura.sma.gob.ar\/index.php?rest_route=%2Fwp%2Fv2%2Ftags&post=4848"}],"curies":[{"name":"wp","href":"https:\/\/api.w.org\/{rel}","templated":true}]}}