{"id":4843,"date":"2023-08-13T21:05:37","date_gmt":"2023-08-14T00:05:37","guid":{"rendered":"http:\/\/cultura.sma.gob.ar\/?p=4843"},"modified":"2023-08-13T21:05:37","modified_gmt":"2023-08-14T00:05:37","slug":"tertulia-en-alpargatas","status":"publish","type":"post","link":"https:\/\/cultura.sma.gob.ar\/?p=4843","title":{"rendered":"Tertulia en Alpargatas"},"content":{"rendered":"\n<figure class=\"wp-block-image size-large\"><img loading=\"lazy\" decoding=\"async\" width=\"1024\" height=\"1024\" src=\"http:\/\/cultura.sma.gob.ar\/wp-content\/uploads\/2023\/08\/Toque-CASA-1024x1024.png\" alt=\"\" class=\"wp-image-4844\" srcset=\"https:\/\/cultura.sma.gob.ar\/wp-content\/uploads\/2023\/08\/Toque-CASA-1024x1024.png 1024w, https:\/\/cultura.sma.gob.ar\/wp-content\/uploads\/2023\/08\/Toque-CASA-300x300.png 300w, https:\/\/cultura.sma.gob.ar\/wp-content\/uploads\/2023\/08\/Toque-CASA-150x150.png 150w, https:\/\/cultura.sma.gob.ar\/wp-content\/uploads\/2023\/08\/Toque-CASA-768x768.png 768w, https:\/\/cultura.sma.gob.ar\/wp-content\/uploads\/2023\/08\/Toque-CASA-90x90.png 90w, https:\/\/cultura.sma.gob.ar\/wp-content\/uploads\/2023\/08\/Toque-CASA.png 1080w\" sizes=\"auto, (max-width: 1024px) 100vw, 1024px\" \/><\/figure>\n\n\n\n<p><strong>TALLER \u201cEL CAMINO DE LA CANCI\u00d3N\u201d<\/strong><\/p>\n\n\n\n<p><strong>CONCIERTO \u201cQUE SEA CANCI\u00d3N\u201d<\/strong><\/p>\n\n\n\n<p><strong>Jimena Fern\u00e1ndez<\/strong>&nbsp;(Psiquiatra Arteterapeuta) y&nbsp;<strong>Walter Cuevas<\/strong>&nbsp;(M\u00fasico cantautor) llegan a San Mart\u00edn de los Andes para dar una charla taller sobre los procesos creativos y las herramientas a la hora de&nbsp;<strong>componer una canci\u00f3n<\/strong>.<\/p>\n\n\n\n<p>El taller es abierto a todo p\u00fablico y no es necesario saber m\u00fasica o ejecutar alg\u00fan instrumento, ya que el abordaje compositivo es a trav\u00e9s del juego, la charla y el debate sobre los conceptos sensoriales que despiertan en nosotros la necesidad de crear.<\/p>\n\n\n\n<p>Adem\u00e1s del taller, por la noche brindar\u00e1n un concierto en el cu\u00e1l mostrar\u00e1n algunas de sus composiciones individuales y a D\u00fao y compartir\u00e1n con otres artistes de la zona.<\/p>\n\n\n\n<p><strong>HORARIOS TALLER:<\/strong><\/p>\n\n\n\n<p><strong>S\u00e1bado 19 de agosto 10:00hs<\/strong>, en el Espacio Cultural&nbsp;<strong>\u201cLa Neco<\/strong><strong>\u201d<\/strong>&nbsp;&#8211; Necochea 65, Jun\u00edn de los Andes<\/p>\n\n\n\n<p>D<strong>omingo 20 de agosto 17:00hs<\/strong>, en&nbsp;Chacra 28, San Mart\u00edn de los Andes.<\/p>\n\n\n\n<p><strong>Para anotarte:<\/strong><\/p>\n\n\n\n<p>\u201cLa Neco Espacio Cultural\u201d &#8211; 2944-136650<\/p>\n\n\n\n<p>\u201cLa Ollesch\u201d (Chacra 28) &#8211; 11-6302-2039<\/p>\n\n\n\n<p>INTERCAMBIO: $2.000.-<a><strong><\/strong><\/a><\/p>\n\n\n\n<p><strong>HORARIOS CONCIERTO:<\/strong><\/p>\n\n\n\n<p><strong>S\u00e1bado 19 de agosto 21:30hs<\/strong>, en el Espacio Cultural&nbsp;<strong>\u201cLa Neco<\/strong><strong>\u201d<\/strong>&nbsp;&#8211; Necochea 65, Jun\u00edn de los Andes &#8211;&nbsp;RESERVAS:&nbsp; 2944-136650 Anticipadas $1200 \/ Puerta $1500.-<\/p>\n\n\n\n<p>D<strong>omingo 20 de agosto 21:30hs<\/strong>, en el ciclo&nbsp;<strong>\u201cTertulia en Alpargatas<\/strong><strong>\u201d,&nbsp;<\/strong>en&nbsp;Chacra 28, San Mart\u00edn de los Andes. (Info x privado) &#8211;&nbsp;RESERVAS:&nbsp; 11-6302-2039 \u2013 Entrada al sobre<\/p>\n\n\n\n<p>En esta oportunidad, se suma como m\u00fasica invitada&nbsp;<strong>\u201cLa Ollesch\u201d.-<\/strong><\/p>\n\n\n\n<p>Les esperamos!!!<\/p>\n\n\n\n<figure class=\"wp-block-image size-large\"><img loading=\"lazy\" decoding=\"async\" width=\"1024\" height=\"1024\" src=\"http:\/\/cultura.sma.gob.ar\/wp-content\/uploads\/2023\/08\/Taller-CASA-1024x1024.png\" alt=\"\" class=\"wp-image-4845\" srcset=\"https:\/\/cultura.sma.gob.ar\/wp-content\/uploads\/2023\/08\/Taller-CASA-1024x1024.png 1024w, https:\/\/cultura.sma.gob.ar\/wp-content\/uploads\/2023\/08\/Taller-CASA-300x300.png 300w, https:\/\/cultura.sma.gob.ar\/wp-content\/uploads\/2023\/08\/Taller-CASA-150x150.png 150w, https:\/\/cultura.sma.gob.ar\/wp-content\/uploads\/2023\/08\/Taller-CASA-768x768.png 768w, https:\/\/cultura.sma.gob.ar\/wp-content\/uploads\/2023\/08\/Taller-CASA-90x90.png 90w, https:\/\/cultura.sma.gob.ar\/wp-content\/uploads\/2023\/08\/Taller-CASA.png 1080w\" sizes=\"auto, (max-width: 1024px) 100vw, 1024px\" \/><\/figure>\n","protected":false},"excerpt":{"rendered":"<p>TALLER \u201cEL CAMINO DE LA CANCI\u00d3N\u201d CONCIERTO \u201cQUE SEA CANCI\u00d3N\u201d Jimena Fern\u00e1ndez&nbsp;(Psiquiatra Arteterapeuta) y&nbsp;Walter Cuevas&nbsp;(M\u00fasico cantautor) llegan a San Mart\u00edn de los Andes para dar una charla taller sobre los procesos creativos y las herramientas a la hora de&nbsp;componer una canci\u00f3n. El taller es abierto a todo p\u00fablico y no es necesario saber m\u00fasica o ejecutar alg\u00fan instrumento, ya que el abordaje compositivo es a &hellip; <a href=\"https:\/\/cultura.sma.gob.ar\/?p=4843\" class=\"more-link\">Continue reading <span class=\"screen-reader-text\">Tertulia en Alpargatas<\/span><\/a><\/p>\n","protected":false},"author":1,"featured_media":297,"comment_status":"closed","ping_status":"","sticky":false,"template":"","format":"image","meta":{"footnotes":""},"categories":[2,9],"tags":[],"class_list":["post-4843","post","type-post","status-publish","format-image","has-post-thumbnail","hentry","category-ciudad-cultural","category-ultimas-noticias","post_format-post-format-image"],"_links":{"self":[{"href":"https:\/\/cultura.sma.gob.ar\/index.php?rest_route=\/wp\/v2\/posts\/4843","targetHints":{"allow":["GET"]}}],"collection":[{"href":"https:\/\/cultura.sma.gob.ar\/index.php?rest_route=\/wp\/v2\/posts"}],"about":[{"href":"https:\/\/cultura.sma.gob.ar\/index.php?rest_route=\/wp\/v2\/types\/post"}],"author":[{"embeddable":true,"href":"https:\/\/cultura.sma.gob.ar\/index.php?rest_route=\/wp\/v2\/users\/1"}],"replies":[{"embeddable":true,"href":"https:\/\/cultura.sma.gob.ar\/index.php?rest_route=%2Fwp%2Fv2%2Fcomments&post=4843"}],"version-history":[{"count":1,"href":"https:\/\/cultura.sma.gob.ar\/index.php?rest_route=\/wp\/v2\/posts\/4843\/revisions"}],"predecessor-version":[{"id":4846,"href":"https:\/\/cultura.sma.gob.ar\/index.php?rest_route=\/wp\/v2\/posts\/4843\/revisions\/4846"}],"wp:featuredmedia":[{"embeddable":true,"href":"https:\/\/cultura.sma.gob.ar\/index.php?rest_route=\/wp\/v2\/media\/297"}],"wp:attachment":[{"href":"https:\/\/cultura.sma.gob.ar\/index.php?rest_route=%2Fwp%2Fv2%2Fmedia&parent=4843"}],"wp:term":[{"taxonomy":"category","embeddable":true,"href":"https:\/\/cultura.sma.gob.ar\/index.php?rest_route=%2Fwp%2Fv2%2Fcategories&post=4843"},{"taxonomy":"post_tag","embeddable":true,"href":"https:\/\/cultura.sma.gob.ar\/index.php?rest_route=%2Fwp%2Fv2%2Ftags&post=4843"}],"curies":[{"name":"wp","href":"https:\/\/api.w.org\/{rel}","templated":true}]}}