{"id":4834,"date":"2023-08-06T19:55:37","date_gmt":"2023-08-06T22:55:37","guid":{"rendered":"http:\/\/cultura.sma.gob.ar\/?p=4834"},"modified":"2023-08-06T19:55:37","modified_gmt":"2023-08-06T22:55:37","slug":"presentacion-del-libro-sara-lauria-maestra-del-fuego","status":"publish","type":"post","link":"https:\/\/cultura.sma.gob.ar\/?p=4834","title":{"rendered":"Presentaci\u00f3n del libro: &#8220;SARA LAUR\u00cdA, MAESTRA DEL FUEGO&#8221;"},"content":{"rendered":"\n<figure class=\"wp-block-image size-large\"><img loading=\"lazy\" decoding=\"async\" width=\"530\" height=\"942\" src=\"http:\/\/cultura.sma.gob.ar\/wp-content\/uploads\/2023\/08\/FLYER-12-AGOSTO-SARA-LAURI\u0301A-02.jpg\" alt=\"\" class=\"wp-image-4835\" srcset=\"https:\/\/cultura.sma.gob.ar\/wp-content\/uploads\/2023\/08\/FLYER-12-AGOSTO-SARA-LAURI\u0301A-02.jpg 530w, https:\/\/cultura.sma.gob.ar\/wp-content\/uploads\/2023\/08\/FLYER-12-AGOSTO-SARA-LAURI\u0301A-02-169x300.jpg 169w, https:\/\/cultura.sma.gob.ar\/wp-content\/uploads\/2023\/08\/FLYER-12-AGOSTO-SARA-LAURI\u0301A-02-51x90.jpg 51w\" sizes=\"auto, (max-width: 530px) 100vw, 530px\" \/><\/figure>\n\n\n\n<p>El Centro Cultural Cotesma informa que el 12 de agosto pr\u00f3ximo a las 17 hs abrir\u00e1 sus puertas para la presentaci\u00f3n del libro sobre una vecina que ha dejado muy buenos recuerdos.&nbsp;<\/p>\n\n\n\n<p>Se trata de Sara Elena Laur\u00eda, quien ser\u00e1 evocada en la Sala G\u00fcnther Blaas, el primer espacio sanmartinense pensado para ofrecer muestras de arte y precursor en homenajearla, a trav\u00e9s de tres bienales de arte que llevaron su nombre.&nbsp;<\/p>\n\n\n\n<p>Ceramista, pintora y docente inolvidable, ella es eje del libro \u201cSara Laur\u00eda, maestra del fuego\u201d, de Ana Mar\u00eda de Mena, t\u00edtulo inspirado en la disciplina art\u00edstica que desarroll\u00f3 y las m\u00faltiples asociaciones que genera, como la calidez, la pasi\u00f3n, la luminosidad, el ardor, el hogar\u2026 Tambi\u00e9n se vincula con un hecho que le contaron a la autora, que motiv\u00f3 la escritura y que relatar\u00e1 durante la presentaci\u00f3n.&nbsp;<\/p>\n\n\n\n<p>Figura inspiradora en la docencia, se desempe\u00f1\u00f3 en el Centro de Iniciaci\u00f3n Art\u00edstica N\u00b0 5, el Instituto de Formaci\u00f3n Docente N\u00b0 3, en el CPEM N\u00b0 13 y el CPEM N\u00b0 28 de San Mart\u00edn de los Andes. Tambi\u00e9n fue Inspectora Provincial de Artes Pl\u00e1sticas en la Ense\u00f1anza Media y directora de la Escuela de Bellas Artes \u201cManuel Belgrano\u201d de Neuqu\u00e9n.&nbsp;<\/p>\n\n\n\n<p>La presentaci\u00f3n tiene car\u00e1cter de homenaje a quien dio su nombre al CIART N\u00b0 5, a una calle en la Vega San Mart\u00edn y a un espacio en el Instituto de Formaci\u00f3n Docente N\u00b0 3 de nuestro pueblo.&nbsp;<\/p>\n\n\n\n<p><strong><u>Detalles&nbsp;<\/u><\/strong><\/p>\n\n\n\n<p>El libro fue dise\u00f1ado por el estudio Urbe Gr\u00e1fica de Buenos Aires y cuenta con fotograf\u00edas de Santiago Gaudio, Ariel Maxit de Mena, Pablo Mart\u00ednez Viademonte, Mar\u00eda Celia Maglione, Luis Vicu\u00f1a, Claudio Oroza, Ram\u00f3n Mu\u00f1oz y la autora. El pr\u00f3logo es de la Prof. Sara Eliana Riquelme, presidente de la Junta de Estudios Hist\u00f3ricos de la Provincia del Neuqu\u00e9n.&nbsp;<\/p>\n\n\n\n<p>La obra, cuenta con los testimonios de Pablo y Hugo Mart\u00ednez Viademonte, Mar\u00eda Celia Maglione, Mar\u00eda Graciela Cape, Ana Zitti, Marta Isabel Such, Ana Maia Fularska, Aurora Fern\u00e1ndez Valdivieso, Mar\u00eda Isabel Manganiello, Iris Isabel Ota\u00f1o, Claudio Oroza, Mar\u00eda Rosa Lovato, Luis Alberto Vicu\u00f1a, Estela Cinquini, Ricardo Koon, Carlos Massari, Marisa Godoy, Daniela Gingins y Ernesto Pfister. Asimismo, aportaron valiosos testimonios para la recopilaci\u00f3n de informaci\u00f3n que se inici\u00f3 en 2015, las sras. Elena Lapuente y Cristina Bourgaud de Chatruc. &nbsp;<\/p>\n\n\n\n<p>Es una edici\u00f3n de la autora, que se present\u00f3 el 7 de julio pasado en la Sala de arte \u201cEmilio Saraco\u201d de Neuqu\u00e9n, con los auspicios de la Junta de Estudios Hist\u00f3ricos de la Provincia y la Asociaci\u00f3n Neuquina de Artistas Pl\u00e1sticos. &nbsp;<\/p>\n","protected":false},"excerpt":{"rendered":"<p>El Centro Cultural Cotesma informa que el 12 de agosto pr\u00f3ximo a las 17 hs abrir\u00e1 sus puertas para la presentaci\u00f3n del libro sobre una vecina que ha dejado muy buenos recuerdos.&nbsp; Se trata de Sara Elena Laur\u00eda, quien ser\u00e1 evocada en la Sala G\u00fcnther Blaas, el primer espacio sanmartinense pensado para ofrecer muestras de arte y precursor en homenajearla, a trav\u00e9s de tres bienales &hellip; <a href=\"https:\/\/cultura.sma.gob.ar\/?p=4834\" class=\"more-link\">Continue reading <span class=\"screen-reader-text\">Presentaci\u00f3n del libro: &#8220;SARA LAUR\u00cdA, MAESTRA DEL FUEGO&#8221;<\/span><\/a><\/p>\n","protected":false},"author":1,"featured_media":297,"comment_status":"closed","ping_status":"","sticky":false,"template":"","format":"image","meta":{"footnotes":""},"categories":[2,9],"tags":[],"class_list":["post-4834","post","type-post","status-publish","format-image","has-post-thumbnail","hentry","category-ciudad-cultural","category-ultimas-noticias","post_format-post-format-image"],"_links":{"self":[{"href":"https:\/\/cultura.sma.gob.ar\/index.php?rest_route=\/wp\/v2\/posts\/4834","targetHints":{"allow":["GET"]}}],"collection":[{"href":"https:\/\/cultura.sma.gob.ar\/index.php?rest_route=\/wp\/v2\/posts"}],"about":[{"href":"https:\/\/cultura.sma.gob.ar\/index.php?rest_route=\/wp\/v2\/types\/post"}],"author":[{"embeddable":true,"href":"https:\/\/cultura.sma.gob.ar\/index.php?rest_route=\/wp\/v2\/users\/1"}],"replies":[{"embeddable":true,"href":"https:\/\/cultura.sma.gob.ar\/index.php?rest_route=%2Fwp%2Fv2%2Fcomments&post=4834"}],"version-history":[{"count":1,"href":"https:\/\/cultura.sma.gob.ar\/index.php?rest_route=\/wp\/v2\/posts\/4834\/revisions"}],"predecessor-version":[{"id":4836,"href":"https:\/\/cultura.sma.gob.ar\/index.php?rest_route=\/wp\/v2\/posts\/4834\/revisions\/4836"}],"wp:featuredmedia":[{"embeddable":true,"href":"https:\/\/cultura.sma.gob.ar\/index.php?rest_route=\/wp\/v2\/media\/297"}],"wp:attachment":[{"href":"https:\/\/cultura.sma.gob.ar\/index.php?rest_route=%2Fwp%2Fv2%2Fmedia&parent=4834"}],"wp:term":[{"taxonomy":"category","embeddable":true,"href":"https:\/\/cultura.sma.gob.ar\/index.php?rest_route=%2Fwp%2Fv2%2Fcategories&post=4834"},{"taxonomy":"post_tag","embeddable":true,"href":"https:\/\/cultura.sma.gob.ar\/index.php?rest_route=%2Fwp%2Fv2%2Ftags&post=4834"}],"curies":[{"name":"wp","href":"https:\/\/api.w.org\/{rel}","templated":true}]}}