{"id":4826,"date":"2023-08-06T19:50:15","date_gmt":"2023-08-06T22:50:15","guid":{"rendered":"http:\/\/cultura.sma.gob.ar\/?p=4826"},"modified":"2023-08-06T19:50:15","modified_gmt":"2023-08-06T22:50:15","slug":"antu-celebra-sus-25-anos-en-la-sala-amankay","status":"publish","type":"post","link":"https:\/\/cultura.sma.gob.ar\/?p=4826","title":{"rendered":"&#8220;ANT\u00da&#8221; celebra sus 25 a\u00f1os en la Sala Amankay"},"content":{"rendered":"\n<figure class=\"wp-block-image size-large\"><img loading=\"lazy\" decoding=\"async\" width=\"576\" height=\"1024\" src=\"http:\/\/cultura.sma.gob.ar\/wp-content\/uploads\/2023\/08\/Agus-576x1024.jpg\" alt=\"\" class=\"wp-image-4827\" srcset=\"https:\/\/cultura.sma.gob.ar\/wp-content\/uploads\/2023\/08\/Agus-576x1024.jpg 576w, https:\/\/cultura.sma.gob.ar\/wp-content\/uploads\/2023\/08\/Agus-169x300.jpg 169w, https:\/\/cultura.sma.gob.ar\/wp-content\/uploads\/2023\/08\/Agus-768x1365.jpg 768w, https:\/\/cultura.sma.gob.ar\/wp-content\/uploads\/2023\/08\/Agus-864x1536.jpg 864w, https:\/\/cultura.sma.gob.ar\/wp-content\/uploads\/2023\/08\/Agus-51x90.jpg 51w, https:\/\/cultura.sma.gob.ar\/wp-content\/uploads\/2023\/08\/Agus.jpg 900w\" sizes=\"auto, (max-width: 576px) 100vw, 576px\" \/><\/figure>\n\n\n\n<p>El pr\u00f3ximo s\u00e1bado, 19 de agosto a las 21.30hs, en nuestra querida Sala Amankay, celebramos junto a \u201cANT\u00da\u201d, los 25 a\u00f1os de la banda local. &nbsp;<\/p>\n\n\n\n<p>En esta oportunidad, la banda compuesta por Fer Formigo en vientos, Agust\u00edn Gonz\u00e1lez en guitarra, Milo Levang en bajo y Kevin Rodriguez en percusi\u00f3n, brindar\u00e1 el Concierto por sus 25 a\u00f1os, compartiendo con antiguos integrantes, como Guillermo Yonas, Gonzalo del Castillo y Gustavo Navarro.&nbsp;<\/p>\n\n\n\n<p><strong><em>Ant\u00fa<\/em><\/strong>&nbsp;se form\u00f3 por los a\u00f1os 1997-98 y contin\u00faan sosteniendo el deseos de hacer m\u00fasica que se identifica con la tierra que habitamos, una m\u00fasica que es mestiza, es criolla, es moderna y popular, todos ingredientes de nuestras culturas.&nbsp;<\/p>\n\n\n\n<p>Entradas anticipadas $2.500.-<br>El mismo d\u00eda $3.000.-&nbsp;<\/p>\n\n\n\n<p>Numeradas, en venta en la boleteria del Centro Cultural.\u00a0<\/p>\n\n\n\n<figure class=\"wp-block-image size-large\"><img loading=\"lazy\" decoding=\"async\" width=\"1024\" height=\"1024\" src=\"http:\/\/cultura.sma.gob.ar\/wp-content\/uploads\/2023\/08\/Antu-Feed-1024x1024.jpg\" alt=\"\" class=\"wp-image-4828\" srcset=\"https:\/\/cultura.sma.gob.ar\/wp-content\/uploads\/2023\/08\/Antu-Feed-1024x1024.jpg 1024w, https:\/\/cultura.sma.gob.ar\/wp-content\/uploads\/2023\/08\/Antu-Feed-300x300.jpg 300w, https:\/\/cultura.sma.gob.ar\/wp-content\/uploads\/2023\/08\/Antu-Feed-150x150.jpg 150w, https:\/\/cultura.sma.gob.ar\/wp-content\/uploads\/2023\/08\/Antu-Feed-768x768.jpg 768w, https:\/\/cultura.sma.gob.ar\/wp-content\/uploads\/2023\/08\/Antu-Feed-90x90.jpg 90w, https:\/\/cultura.sma.gob.ar\/wp-content\/uploads\/2023\/08\/Antu-Feed.jpg 1080w\" sizes=\"auto, (max-width: 1024px) 100vw, 1024px\" \/><\/figure>\n\n\n\n<p><br><\/p>\n","protected":false},"excerpt":{"rendered":"<p>El pr\u00f3ximo s\u00e1bado, 19 de agosto a las 21.30hs, en nuestra querida Sala Amankay, celebramos junto a \u201cANT\u00da\u201d, los 25 a\u00f1os de la banda local. &nbsp; En esta oportunidad, la banda compuesta por Fer Formigo en vientos, Agust\u00edn Gonz\u00e1lez en guitarra, Milo Levang en bajo y Kevin Rodriguez en percusi\u00f3n, brindar\u00e1 el Concierto por sus 25 a\u00f1os, compartiendo con antiguos integrantes, como Guillermo Yonas, Gonzalo &hellip; <a href=\"https:\/\/cultura.sma.gob.ar\/?p=4826\" class=\"more-link\">Continue reading <span class=\"screen-reader-text\">&#8220;ANT\u00da&#8221; celebra sus 25 a\u00f1os en la Sala Amankay<\/span><\/a><\/p>\n","protected":false},"author":1,"featured_media":297,"comment_status":"closed","ping_status":"","sticky":false,"template":"","format":"image","meta":{"footnotes":""},"categories":[2,9],"tags":[],"class_list":["post-4826","post","type-post","status-publish","format-image","has-post-thumbnail","hentry","category-ciudad-cultural","category-ultimas-noticias","post_format-post-format-image"],"_links":{"self":[{"href":"https:\/\/cultura.sma.gob.ar\/index.php?rest_route=\/wp\/v2\/posts\/4826","targetHints":{"allow":["GET"]}}],"collection":[{"href":"https:\/\/cultura.sma.gob.ar\/index.php?rest_route=\/wp\/v2\/posts"}],"about":[{"href":"https:\/\/cultura.sma.gob.ar\/index.php?rest_route=\/wp\/v2\/types\/post"}],"author":[{"embeddable":true,"href":"https:\/\/cultura.sma.gob.ar\/index.php?rest_route=\/wp\/v2\/users\/1"}],"replies":[{"embeddable":true,"href":"https:\/\/cultura.sma.gob.ar\/index.php?rest_route=%2Fwp%2Fv2%2Fcomments&post=4826"}],"version-history":[{"count":1,"href":"https:\/\/cultura.sma.gob.ar\/index.php?rest_route=\/wp\/v2\/posts\/4826\/revisions"}],"predecessor-version":[{"id":4829,"href":"https:\/\/cultura.sma.gob.ar\/index.php?rest_route=\/wp\/v2\/posts\/4826\/revisions\/4829"}],"wp:featuredmedia":[{"embeddable":true,"href":"https:\/\/cultura.sma.gob.ar\/index.php?rest_route=\/wp\/v2\/media\/297"}],"wp:attachment":[{"href":"https:\/\/cultura.sma.gob.ar\/index.php?rest_route=%2Fwp%2Fv2%2Fmedia&parent=4826"}],"wp:term":[{"taxonomy":"category","embeddable":true,"href":"https:\/\/cultura.sma.gob.ar\/index.php?rest_route=%2Fwp%2Fv2%2Fcategories&post=4826"},{"taxonomy":"post_tag","embeddable":true,"href":"https:\/\/cultura.sma.gob.ar\/index.php?rest_route=%2Fwp%2Fv2%2Ftags&post=4826"}],"curies":[{"name":"wp","href":"https:\/\/api.w.org\/{rel}","templated":true}]}}