{"id":4822,"date":"2023-08-06T19:47:52","date_gmt":"2023-08-06T22:47:52","guid":{"rendered":"http:\/\/cultura.sma.gob.ar\/?p=4822"},"modified":"2023-08-06T19:47:52","modified_gmt":"2023-08-06T22:47:52","slug":"acusticos-en-la-sala-amnios-astra-en-vivo","status":"publish","type":"post","link":"https:\/\/cultura.sma.gob.ar\/?p=4822","title":{"rendered":"&#8221;Ac\u00fasticos en la Sala&#8221;: Amnios Astra en vivo"},"content":{"rendered":"\n<figure class=\"wp-block-image size-large\"><img loading=\"lazy\" decoding=\"async\" width=\"1024\" height=\"1024\" src=\"http:\/\/cultura.sma.gob.ar\/wp-content\/uploads\/2023\/08\/flyer-concierto-en-la-sala-1-1024x1024.jpg\" alt=\"\" class=\"wp-image-4823\" srcset=\"https:\/\/cultura.sma.gob.ar\/wp-content\/uploads\/2023\/08\/flyer-concierto-en-la-sala-1-1024x1024.jpg 1024w, https:\/\/cultura.sma.gob.ar\/wp-content\/uploads\/2023\/08\/flyer-concierto-en-la-sala-1-300x300.jpg 300w, https:\/\/cultura.sma.gob.ar\/wp-content\/uploads\/2023\/08\/flyer-concierto-en-la-sala-1-150x150.jpg 150w, https:\/\/cultura.sma.gob.ar\/wp-content\/uploads\/2023\/08\/flyer-concierto-en-la-sala-1-768x768.jpg 768w, https:\/\/cultura.sma.gob.ar\/wp-content\/uploads\/2023\/08\/flyer-concierto-en-la-sala-1-1536x1536.jpg 1536w, https:\/\/cultura.sma.gob.ar\/wp-content\/uploads\/2023\/08\/flyer-concierto-en-la-sala-1-2048x2048.jpg 2048w, https:\/\/cultura.sma.gob.ar\/wp-content\/uploads\/2023\/08\/flyer-concierto-en-la-sala-1-90x90.jpg 90w\" sizes=\"auto, (max-width: 1024px) 100vw, 1024px\" \/><\/figure>\n\n\n\n<p>En el marco del ciclo &#8221;Ac\u00fasticos en la Sala&#8221; se presentar\u00e1 Amnios Astra En Vivo.<\/p>\n\n\n\n<p>El encuentro ser\u00e1 el viernes 11 de agosto a las 19:30 hs, en el marco de las exposiciones &#8221;Entre el cielo y la tierra&#8221;, de Ol Anton, y &#8221;Hielos&#8221;, de Vero Arce.La velada contar\u00e1 con entrada abierta y gratuita.<\/p>\n","protected":false},"excerpt":{"rendered":"<p>En el marco del ciclo &#8221;Ac\u00fasticos en la Sala&#8221; se presentar\u00e1 Amnios Astra En Vivo. El encuentro ser\u00e1 el viernes 11 de agosto a las 19:30 hs, en el marco de las exposiciones &#8221;Entre el cielo y la tierra&#8221;, de Ol Anton, y &#8221;Hielos&#8221;, de Vero Arce.La velada contar\u00e1 con entrada abierta y gratuita. <a href=\"https:\/\/cultura.sma.gob.ar\/?p=4822\" class=\"more-link\">Continue reading <span class=\"screen-reader-text\">&#8221;Ac\u00fasticos en la Sala&#8221;: Amnios Astra en vivo<\/span><\/a><\/p>\n","protected":false},"author":1,"featured_media":295,"comment_status":"closed","ping_status":"","sticky":false,"template":"","format":"image","meta":{"footnotes":""},"categories":[6,9],"tags":[],"class_list":["post-4822","post","type-post","status-publish","format-image","has-post-thumbnail","hentry","category-sala-lidaura-chapitel","category-ultimas-noticias","post_format-post-format-image"],"_links":{"self":[{"href":"https:\/\/cultura.sma.gob.ar\/index.php?rest_route=\/wp\/v2\/posts\/4822","targetHints":{"allow":["GET"]}}],"collection":[{"href":"https:\/\/cultura.sma.gob.ar\/index.php?rest_route=\/wp\/v2\/posts"}],"about":[{"href":"https:\/\/cultura.sma.gob.ar\/index.php?rest_route=\/wp\/v2\/types\/post"}],"author":[{"embeddable":true,"href":"https:\/\/cultura.sma.gob.ar\/index.php?rest_route=\/wp\/v2\/users\/1"}],"replies":[{"embeddable":true,"href":"https:\/\/cultura.sma.gob.ar\/index.php?rest_route=%2Fwp%2Fv2%2Fcomments&post=4822"}],"version-history":[{"count":1,"href":"https:\/\/cultura.sma.gob.ar\/index.php?rest_route=\/wp\/v2\/posts\/4822\/revisions"}],"predecessor-version":[{"id":4824,"href":"https:\/\/cultura.sma.gob.ar\/index.php?rest_route=\/wp\/v2\/posts\/4822\/revisions\/4824"}],"wp:featuredmedia":[{"embeddable":true,"href":"https:\/\/cultura.sma.gob.ar\/index.php?rest_route=\/wp\/v2\/media\/295"}],"wp:attachment":[{"href":"https:\/\/cultura.sma.gob.ar\/index.php?rest_route=%2Fwp%2Fv2%2Fmedia&parent=4822"}],"wp:term":[{"taxonomy":"category","embeddable":true,"href":"https:\/\/cultura.sma.gob.ar\/index.php?rest_route=%2Fwp%2Fv2%2Fcategories&post=4822"},{"taxonomy":"post_tag","embeddable":true,"href":"https:\/\/cultura.sma.gob.ar\/index.php?rest_route=%2Fwp%2Fv2%2Ftags&post=4822"}],"curies":[{"name":"wp","href":"https:\/\/api.w.org\/{rel}","templated":true}]}}