{"id":4818,"date":"2023-08-02T20:55:41","date_gmt":"2023-08-02T23:55:41","guid":{"rendered":"http:\/\/cultura.sma.gob.ar\/?p=4818"},"modified":"2023-08-02T20:55:41","modified_gmt":"2023-08-02T23:55:41","slug":"presentacion-del-libro-sara-lauria-maestra-del-fuego-de-ana-maria-de-mena","status":"publish","type":"post","link":"https:\/\/cultura.sma.gob.ar\/?p=4818","title":{"rendered":"Presentaci\u00f3n del Libro \u201cSara Laur\u00eda, maestra del fuego\u201d, de Ana Mar\u00eda de Mena"},"content":{"rendered":"\n<figure class=\"wp-block-image size-large\"><img loading=\"lazy\" decoding=\"async\" width=\"1024\" height=\"735\" src=\"http:\/\/cultura.sma.gob.ar\/wp-content\/uploads\/2023\/08\/Pagina-del-libro-1024x735.jpg\" alt=\"\" class=\"wp-image-4819\" srcset=\"https:\/\/cultura.sma.gob.ar\/wp-content\/uploads\/2023\/08\/Pagina-del-libro-1024x735.jpg 1024w, https:\/\/cultura.sma.gob.ar\/wp-content\/uploads\/2023\/08\/Pagina-del-libro-300x215.jpg 300w, https:\/\/cultura.sma.gob.ar\/wp-content\/uploads\/2023\/08\/Pagina-del-libro-768x551.jpg 768w, https:\/\/cultura.sma.gob.ar\/wp-content\/uploads\/2023\/08\/Pagina-del-libro-1536x1102.jpg 1536w, https:\/\/cultura.sma.gob.ar\/wp-content\/uploads\/2023\/08\/Pagina-del-libro-125x90.jpg 125w, https:\/\/cultura.sma.gob.ar\/wp-content\/uploads\/2023\/08\/Pagina-del-libro.jpg 1664w\" sizes=\"auto, (max-width: 1024px) 100vw, 1024px\" \/><\/figure>\n\n\n\n<p><strong><u>TODO EMPEZ\u00d3 CON EL FUEGO&nbsp;<\/u><\/strong><\/p>\n\n\n\n<p>El Centro Cultural Cotesma tiene la alegr\u00eda de anunciar que el 12 de agosto pr\u00f3ximo a las 17hs abrir\u00e1 sus puertas para la presentaci\u00f3n del libro sobre una vecina que ha dejado muy buenos recuerdos.&nbsp;<\/p>\n\n\n\n<p>Se trata de Sara Elena Laur\u00eda, quien ser\u00e1 evocada en la Sala G\u00fcnther Blaas, el primer espacio sanmartinense pensado para ofrecer muestras de arte y precursor en homenajearla, a trav\u00e9s de tres bienales de arte que llevaron su nombre.&nbsp;<\/p>\n\n\n\n<p>Ceramista, pintora y docente inolvidable, ella es eje del libro \u201cSara Laur\u00eda, maestra del fuego\u201d, de Ana Mar\u00eda de Mena, t\u00edtulo inspirado en la disciplina art\u00edstica que desarroll\u00f3 y las m\u00faltiples asociaciones que genera, como la calidez, la pasi\u00f3n, la luminosidad, el ardor, el hogar\u2026 Tambi\u00e9n se vincula con un hecho que le contaron a la autora, que motiv\u00f3 la escritura y que relatar\u00e1 durante la presentaci\u00f3n.&nbsp;<\/p>\n\n\n\n<p>Figura inspiradora en la docencia, se desempe\u00f1\u00f3 en el Centro de Iniciaci\u00f3n Art\u00edstica N\u00b0 5, el Instituto de Formaci\u00f3n Docente N\u00b0 3, en el CPEM N\u00b0 13 y el CPEM N\u00b0 28 de San Mart\u00edn de los Andes. Tambi\u00e9n fue Inspectora Provincial de Artes Pl\u00e1sticas en la Ense\u00f1anza Media y directora de la Escuela de Bellas Artes \u201cManuel Belgrano\u201d de Neuqu\u00e9n.&nbsp;<\/p>\n\n\n\n<p>El libro se present\u00f3 el 7 de julio pasado en la Sala de arte \u201cEmilio Saraco\u201d de Neuqu\u00e9n, con los auspicios de la Junta de Estudios Hist\u00f3ricos de la Provincia y la Asociaci\u00f3n Neuquina de Artistas Pl\u00e1sticos. &nbsp;<\/p>\n\n\n\n<p>La obra, cuenta con los testimonios de Pablo y Hugo Mart\u00ednez Viademonte, Mar\u00eda Celia Maglione, Mar\u00eda Graciela Cape, Ana Zitti, Marta Isabel Such, Ana Maia Fularska, Aurora Fern\u00e1ndez Valdivieso, Mar\u00eda Isabel Manganiello, Iris Isabel Ota\u00f1o, Claudio Oroza, Mar\u00eda Rosa Lovato, Luis Alberto Vicu\u00f1a, Estela Cinquini, Ricardo Koon, Carlos Massari, Marisa Godoy, Daniela Gingins y Ernesto Pfister. Asimismo, aportaron valiosos testimonios para la recopilaci\u00f3n de informaci\u00f3n que se inici\u00f3 en 2015, las sras. Elena Lapuente y Cristina Bourgaud de Chatruc. &nbsp;<\/p>\n\n\n\n<p>La presentaci\u00f3n tiene car\u00e1cter de homenaje a quien dio su nombre al CIART N\u00b0 5, a una calle en la Vega San Mart\u00edn y a un espacio en el Instituto de Formaci\u00f3n Docente N\u00b0 3 de nuestro pueblo.&nbsp;<\/p>\n","protected":false},"excerpt":{"rendered":"<p>TODO EMPEZ\u00d3 CON EL FUEGO&nbsp; El Centro Cultural Cotesma tiene la alegr\u00eda de anunciar que el 12 de agosto pr\u00f3ximo a las 17hs abrir\u00e1 sus puertas para la presentaci\u00f3n del libro sobre una vecina que ha dejado muy buenos recuerdos.&nbsp; Se trata de Sara Elena Laur\u00eda, quien ser\u00e1 evocada en la Sala G\u00fcnther Blaas, el primer espacio sanmartinense pensado para ofrecer muestras de arte y &hellip; <a href=\"https:\/\/cultura.sma.gob.ar\/?p=4818\" class=\"more-link\">Continue reading <span class=\"screen-reader-text\">Presentaci\u00f3n del Libro \u201cSara Laur\u00eda, maestra del fuego\u201d, de Ana Mar\u00eda de Mena<\/span><\/a><\/p>\n","protected":false},"author":1,"featured_media":297,"comment_status":"closed","ping_status":"","sticky":false,"template":"","format":"image","meta":{"footnotes":""},"categories":[2,9],"tags":[],"class_list":["post-4818","post","type-post","status-publish","format-image","has-post-thumbnail","hentry","category-ciudad-cultural","category-ultimas-noticias","post_format-post-format-image"],"_links":{"self":[{"href":"https:\/\/cultura.sma.gob.ar\/index.php?rest_route=\/wp\/v2\/posts\/4818","targetHints":{"allow":["GET"]}}],"collection":[{"href":"https:\/\/cultura.sma.gob.ar\/index.php?rest_route=\/wp\/v2\/posts"}],"about":[{"href":"https:\/\/cultura.sma.gob.ar\/index.php?rest_route=\/wp\/v2\/types\/post"}],"author":[{"embeddable":true,"href":"https:\/\/cultura.sma.gob.ar\/index.php?rest_route=\/wp\/v2\/users\/1"}],"replies":[{"embeddable":true,"href":"https:\/\/cultura.sma.gob.ar\/index.php?rest_route=%2Fwp%2Fv2%2Fcomments&post=4818"}],"version-history":[{"count":1,"href":"https:\/\/cultura.sma.gob.ar\/index.php?rest_route=\/wp\/v2\/posts\/4818\/revisions"}],"predecessor-version":[{"id":4820,"href":"https:\/\/cultura.sma.gob.ar\/index.php?rest_route=\/wp\/v2\/posts\/4818\/revisions\/4820"}],"wp:featuredmedia":[{"embeddable":true,"href":"https:\/\/cultura.sma.gob.ar\/index.php?rest_route=\/wp\/v2\/media\/297"}],"wp:attachment":[{"href":"https:\/\/cultura.sma.gob.ar\/index.php?rest_route=%2Fwp%2Fv2%2Fmedia&parent=4818"}],"wp:term":[{"taxonomy":"category","embeddable":true,"href":"https:\/\/cultura.sma.gob.ar\/index.php?rest_route=%2Fwp%2Fv2%2Fcategories&post=4818"},{"taxonomy":"post_tag","embeddable":true,"href":"https:\/\/cultura.sma.gob.ar\/index.php?rest_route=%2Fwp%2Fv2%2Ftags&post=4818"}],"curies":[{"name":"wp","href":"https:\/\/api.w.org\/{rel}","templated":true}]}}