{"id":4815,"date":"2023-08-02T20:53:44","date_gmt":"2023-08-02T23:53:44","guid":{"rendered":"http:\/\/cultura.sma.gob.ar\/?p=4815"},"modified":"2023-08-02T20:53:44","modified_gmt":"2023-08-02T23:53:44","slug":"suenos-de-agua-en-la-sala-amankay","status":"publish","type":"post","link":"https:\/\/cultura.sma.gob.ar\/?p=4815","title":{"rendered":"&#8221;Sue\u00f1os de agua&#8221;, en la Sala Amankay"},"content":{"rendered":"\n\n\n<h2 class=\"wp-block-heading\">El pr\u00f3ximo s\u00e1bado, 12 de agosto a las 20hs, en la Sala Amankay, disfrutaremos &#8220;SUE\u00d1OS DE AGUA&#8221;, imperdible unipersonal de Andrea Desp\u00f3, basado en una historia de vida transcurrida en Chubut.<\/h2>\n\n\n\n<p><strong><em>Unipersonal que cuenta, a trav\u00e9s de la danza, el canto, los objetos y la actuaci\u00f3n, fragmentos de la vida de do\u00f1a Mar\u00eda Epul de Ca\u00f1uqueo, la popular machi de Cerro Negro, desde la mirada de la actriz Andrea Desp\u00f3.&nbsp;<\/em><\/strong><\/p>\n\n\n\n<p><strong><em>\u201cSue\u00f1os de Agua\u201d es un espect\u00e1culo teatral, basado en la historia de vida de Do\u00f1a Mar\u00eda Epul de Ca\u00f1uqueo, \u201cmachi\u201d y \u201ccamaruquera\u201d mapuche. Quien concit\u00f3 el inter\u00e9s de multitudes en b\u00fasqueda de remedio y consuelo para sus padecimientos.&nbsp;<\/em><\/strong><\/p>\n\n\n\n<p><em>\u201cDo\u00f1a Maria vivi\u00f3 en Cerro Negro, en el l\u00edmite entre los Departamentos de Paso de Indios y M\u00e1rtires, en pleno coraz\u00f3n de la meseta chubutense, un lugar agreste que sintetiza el paisaje patag\u00f3nico. &nbsp;<\/em><\/p>\n\n\n\n<p><em>Se dice que entre sus innumerables y conocidos pacientes estuvo la madre del General Per\u00f3n, por entonces residente en el territorio chubutense. Posiblemente de este conocimiento sobre su existencia haya surgido lo que se afirma como certero: entre quienes se hallaron en tratamiento con Do\u00f1a Mar\u00eda Epul estuvo la misma Eva Per\u00f3n\u2026\u201d&nbsp;<\/em><\/p>\n\n\n\n<p><em>\u201cDo\u00f1a Mar\u00eda falleci\u00f3 en 1960 a una edad, que, seg\u00fan sus familiares, hab\u00eda superado los 100 a\u00f1os\u201d&nbsp;<\/em>(del libro \u201cMar\u00eda Epul de Ca\u00f1uqueo, machi y camaruquera de Cerro Negro\u201d. Fundaci\u00f3n Ameghino. 2004<em>). &nbsp;<\/em><\/p>\n\n\n\n<p><em>En lengua mapuche, \u201cmachi\u201d es la persona que sana, es intermediaria con los esp\u00edritus y fuerzas (pu longko y pu newen). Mirando las aguas diagnosticaba y propon\u00eda medicinas, curando a su pueblo de las enfermedades del cuerpo y del esp\u00edritu. Mar\u00eda Epul levantaba Camarikun o rogativa colectiva del pueblo mapuche. &nbsp;<\/em><\/p>\n\n\n\n<p><em>La puesta teatral rescata en su esencia esta historia y tambi\u00e9n condiciona su espacio y b\u00fasqueda est\u00e9tica a conceptos propios de la cosmovisi\u00f3n mapuche, para la que hombre-tierra \u2013naturaleza-universo constituye un solo ser.&nbsp;&nbsp;El espacio y la danza circular, la austeridad de elementos, los cantos, los ritmos y el agua, conforman un mundo on\u00edrico.&nbsp;<\/em><\/p>\n\n\n\n<p><em>El nudo dram\u00e1tico que propone la obra es una ni\u00f1a ante la ineludible muerte de su abuela, Do\u00f1a Mar\u00eda. En ese desdoblamiento, en ese pasaje de un personaje a otro, la actriz pone al espectador en el doble juego del que mira y el que es mirado, aquel que hace y el que ve hacer, el que es y su testigo.&nbsp;<\/em><\/p>\n\n\n\n<p><em>Entrada Anticipada: $1.500.-<br>El mismo d\u00eda: $2.000.-&nbsp;<\/em><\/p>\n\n\n\n<p><strong><em>Duraci\u00f3n: 50 minutos<\/em><\/strong><em>.&nbsp;<\/em><\/p>\n\n\n\n<h2 class=\"wp-block-heading\"><strong>Antecedentes&nbsp;<\/strong><\/h2>\n\n\n\n<h2 class=\"wp-block-heading\">El espect\u00e1culo fue estrenado finales de marzo de 2006. Se realizaron funciones para todo p\u00fablico y escuelas secundarias en la Salametateatro de Trelew, y diversas localidades de la provincia del Chubut. Ha participado en Festivales y Encuentros de teatro de Chubut y de Patagonia: encuentro de Teatro Mapuche en Fiske Menuko (Gral. Roca) 2011 y 2014. Festival regional del Comahue: Villa Regina y Beltran, Encuentro Provincial de Teatro de Esquel, entre otros.&nbsp;<\/h2>\n\n\n\n<h2 class=\"wp-block-heading\">&nbsp;&nbsp;<strong><em>\u201cSue\u00f1os de Agua\u201d fue seleccionada en el Encuentro Regional Patag\u00f3nico de Teatro (Bariloche 2006) para representar a Chubut en el XXII FESTIVAL NACIONAL DE TEATRO, LA RIOJA 2007. Dicha obra tuvo \u201cmenci\u00f3n especial en dramaturgia\u201d en el Encuentro Regional Patag\u00f3nico. &nbsp;<\/em><\/strong><\/h2>\n\n\n\n<p><em>Sue\u00f1os de agua particip\u00f3 en el Festival de Teatro X Mujer, en Misiones 2011. &nbsp;<\/em><\/p>\n\n\n\n<p><em>Adem\u00e1s, se present\u00f3 en las Jornadas del Cuerpo desarrolladas en Tandil. &nbsp;<\/em><\/p>\n\n\n\n<p><em>\u201cSue\u00f1os de Agua\u201d concurri\u00f3 en 2015 en el Seminario de Investigaci\u00f3n \u201cNuevas po\u00e9ticas del Teatro Mapuche Contempor\u00e1neo\u201d, en Neuqu\u00e9n.&nbsp;<\/em><\/p>\n\n\n\n<ul class=\"wp-block-list\"><li><strong><em>En mayo de 2017 fue parte del 3er Festival Encuentro de Teatro Intercultural \u201cAranwa Raymi\u201d, Quito \u2013Ecuador.&nbsp;<\/em><\/strong><strong>&nbsp;<\/strong><\/li><li><strong><em>En 2019<\/em><\/strong><strong>:&nbsp;&nbsp;\u201cSue\u00f1os de agua\u201d participo en las Jornadas de Teatro y Arte Mapuche Nutramkawun, Bariloche &nbsp;<\/strong><br><br><strong>Funciones en Comodoro Rivadavia y Sarmiento (diciembre 2019)&nbsp;<\/strong><br><br><strong>Funci\u00f3n en Pto Madryn en 2021 El entusiasmo . en 2022 en la escalera Teatro de Madryn y AL fondo de Gaiman.<\/strong><\/li><\/ul>\n\n\n\n<p>Interprete:&nbsp; ANDREA DESP\u00d3&nbsp;<\/p>\n\n\n\n<p>Autor: ANDREA DESP\u00d3 Y LILIANA ANCALAO.&nbsp;<\/p>\n\n\n\n<p>Directora:&nbsp;&nbsp; ANDREA DESP\u00d3. &nbsp;<\/p>\n\n\n\n<p><strong><em>DESP\u00d3, ESTER ANDREA: \u201cActriz Nacional<\/em><\/strong><em>\u201d, egresada de la Escuela Superior de Bellas Artes de Neuquen. Tom\u00f3 clases con Victor Mayol y Rosario Oxagaray con quienes presento \u201cWoyzeck. En Trelew, como integrante de Metateatro ha realizado: \u201cCabareteras\u201d de Jorge Palant, \u201cCr\u00f3nicas de Sangre\u201d de Alejandro Robino, \u201cViaje al coraz\u00f3n\u201d espect. Infantil, \u201cMater\u201d de Zito Lema, entre otros. Autora, int\u00e9rprete y directora de \u201cSue\u00f1os de Agua\u201d. Interprete y co-autora con Gabriela Otero de la Performance de teatro documental: Homenaje a Dominga \u00d1ancufil.&nbsp;<\/em><\/p>\n","protected":false},"excerpt":{"rendered":"<p>El pr\u00f3ximo s\u00e1bado, 12 de agosto a las 20hs, en la Sala Amankay, disfrutaremos &#8220;SUE\u00d1OS DE AGUA&#8221;, imperdible unipersonal de Andrea Desp\u00f3, basado en una historia de vida transcurrida en Chubut. Unipersonal que cuenta, a trav\u00e9s de la danza, el canto, los objetos y la actuaci\u00f3n, fragmentos de la vida de do\u00f1a Mar\u00eda Epul de Ca\u00f1uqueo, la popular machi de Cerro Negro, desde la mirada &hellip; <a href=\"https:\/\/cultura.sma.gob.ar\/?p=4815\" class=\"more-link\">Continue reading <span class=\"screen-reader-text\">&#8221;Sue\u00f1os de agua&#8221;, en la Sala Amankay<\/span><\/a><\/p>\n","protected":false},"author":1,"featured_media":297,"comment_status":"closed","ping_status":"","sticky":false,"template":"","format":"image","meta":{"footnotes":""},"categories":[2,9],"tags":[],"class_list":["post-4815","post","type-post","status-publish","format-image","has-post-thumbnail","hentry","category-ciudad-cultural","category-ultimas-noticias","post_format-post-format-image"],"_links":{"self":[{"href":"https:\/\/cultura.sma.gob.ar\/index.php?rest_route=\/wp\/v2\/posts\/4815","targetHints":{"allow":["GET"]}}],"collection":[{"href":"https:\/\/cultura.sma.gob.ar\/index.php?rest_route=\/wp\/v2\/posts"}],"about":[{"href":"https:\/\/cultura.sma.gob.ar\/index.php?rest_route=\/wp\/v2\/types\/post"}],"author":[{"embeddable":true,"href":"https:\/\/cultura.sma.gob.ar\/index.php?rest_route=\/wp\/v2\/users\/1"}],"replies":[{"embeddable":true,"href":"https:\/\/cultura.sma.gob.ar\/index.php?rest_route=%2Fwp%2Fv2%2Fcomments&post=4815"}],"version-history":[{"count":1,"href":"https:\/\/cultura.sma.gob.ar\/index.php?rest_route=\/wp\/v2\/posts\/4815\/revisions"}],"predecessor-version":[{"id":4816,"href":"https:\/\/cultura.sma.gob.ar\/index.php?rest_route=\/wp\/v2\/posts\/4815\/revisions\/4816"}],"wp:featuredmedia":[{"embeddable":true,"href":"https:\/\/cultura.sma.gob.ar\/index.php?rest_route=\/wp\/v2\/media\/297"}],"wp:attachment":[{"href":"https:\/\/cultura.sma.gob.ar\/index.php?rest_route=%2Fwp%2Fv2%2Fmedia&parent=4815"}],"wp:term":[{"taxonomy":"category","embeddable":true,"href":"https:\/\/cultura.sma.gob.ar\/index.php?rest_route=%2Fwp%2Fv2%2Fcategories&post=4815"},{"taxonomy":"post_tag","embeddable":true,"href":"https:\/\/cultura.sma.gob.ar\/index.php?rest_route=%2Fwp%2Fv2%2Ftags&post=4815"}],"curies":[{"name":"wp","href":"https:\/\/api.w.org\/{rel}","templated":true}]}}