{"id":4807,"date":"2023-07-27T10:54:57","date_gmt":"2023-07-27T13:54:57","guid":{"rendered":"http:\/\/cultura.sma.gob.ar\/?p=4807"},"modified":"2023-07-28T11:27:39","modified_gmt":"2023-07-28T14:27:39","slug":"llegan-dos-nuevas-muestras-a-la-sala-municipal-de-exposiciones-lidaura-chapitel","status":"publish","type":"post","link":"https:\/\/cultura.sma.gob.ar\/?p=4807","title":{"rendered":"Llegan dos nuevas muestras a la Sala Municipal de Exposiciones Lidaura Chapitel"},"content":{"rendered":"\n<figure class=\"wp-block-image size-large\"><img loading=\"lazy\" decoding=\"async\" width=\"819\" height=\"1024\" src=\"http:\/\/cultura.sma.gob.ar\/wp-content\/uploads\/2023\/07\/Imagen-de-WhatsApp-2023-07-27-a-las-10.43.46-819x1024.jpg\" alt=\"\" class=\"wp-image-4808\" srcset=\"https:\/\/cultura.sma.gob.ar\/wp-content\/uploads\/2023\/07\/Imagen-de-WhatsApp-2023-07-27-a-las-10.43.46-819x1024.jpg 819w, https:\/\/cultura.sma.gob.ar\/wp-content\/uploads\/2023\/07\/Imagen-de-WhatsApp-2023-07-27-a-las-10.43.46-240x300.jpg 240w, https:\/\/cultura.sma.gob.ar\/wp-content\/uploads\/2023\/07\/Imagen-de-WhatsApp-2023-07-27-a-las-10.43.46-768x961.jpg 768w, https:\/\/cultura.sma.gob.ar\/wp-content\/uploads\/2023\/07\/Imagen-de-WhatsApp-2023-07-27-a-las-10.43.46-1228x1536.jpg 1228w, https:\/\/cultura.sma.gob.ar\/wp-content\/uploads\/2023\/07\/Imagen-de-WhatsApp-2023-07-27-a-las-10.43.46-72x90.jpg 72w, https:\/\/cultura.sma.gob.ar\/wp-content\/uploads\/2023\/07\/Imagen-de-WhatsApp-2023-07-27-a-las-10.43.46.jpg 1279w\" sizes=\"auto, (max-width: 819px) 100vw, 819px\" \/><\/figure>\n\n\n\n<p> ENTRE EL CIELO Y LA TIERRA &#8211; OL ANTON (pintura, escultura)La imagen de la artista propone un viaje en el espacio &#8211; tiempo, una invitaci\u00f3n a detenerse en el aqu\u00ed y ahora, entre el cielo y la tierra.<\/p>\n\n\n\n<p> HIELOS &#8211; VER\u00d3NICA ARCE (instalaci\u00f3n, objetos)En el encuentro de materiales org\u00e1nicos e industriales, surgen estos universos del desecho. La artista indaga en la exploraci\u00f3n fotogr\u00e1fica y la transformaci\u00f3n de los elementos<\/p>\n\n\n\n<p> Las muestras se inaugurar\u00e1n el viernes 28 de julio a las 20 hs, estar\u00e1n vigentes hasta el 17 de agosto, y podr\u00e1n ser visitadas de lunes a viernes de 10 a 12 y de 16 a 20 hs, y los s\u00e1bados de 16 a 20 hs, con entrada libre y gratuita.<\/p>\n\n\n\n<figure class=\"wp-block-image size-large\"><img loading=\"lazy\" decoding=\"async\" width=\"819\" height=\"1024\" src=\"http:\/\/cultura.sma.gob.ar\/wp-content\/uploads\/2023\/07\/Flyer-Arce_4x5-819x1024.jpg\" alt=\"\" class=\"wp-image-4809\" srcset=\"https:\/\/cultura.sma.gob.ar\/wp-content\/uploads\/2023\/07\/Flyer-Arce_4x5-819x1024.jpg 819w, https:\/\/cultura.sma.gob.ar\/wp-content\/uploads\/2023\/07\/Flyer-Arce_4x5-240x300.jpg 240w, https:\/\/cultura.sma.gob.ar\/wp-content\/uploads\/2023\/07\/Flyer-Arce_4x5-768x960.jpg 768w, https:\/\/cultura.sma.gob.ar\/wp-content\/uploads\/2023\/07\/Flyer-Arce_4x5-72x90.jpg 72w, https:\/\/cultura.sma.gob.ar\/wp-content\/uploads\/2023\/07\/Flyer-Arce_4x5.jpg 1126w\" sizes=\"auto, (max-width: 819px) 100vw, 819px\" \/><\/figure>\n","protected":false},"excerpt":{"rendered":"<p>ENTRE EL CIELO Y LA TIERRA &#8211; OL ANTON (pintura, escultura)La imagen de la artista propone un viaje en el espacio &#8211; tiempo, una invitaci\u00f3n a detenerse en el aqu\u00ed y ahora, entre el cielo y la tierra. HIELOS &#8211; VER\u00d3NICA ARCE (instalaci\u00f3n, objetos)En el encuentro de materiales org\u00e1nicos e industriales, surgen estos universos del desecho. La artista indaga en la exploraci\u00f3n fotogr\u00e1fica y la &hellip; <a href=\"https:\/\/cultura.sma.gob.ar\/?p=4807\" class=\"more-link\">Continue reading <span class=\"screen-reader-text\">Llegan dos nuevas muestras a la Sala Municipal de Exposiciones Lidaura Chapitel<\/span><\/a><\/p>\n","protected":false},"author":1,"featured_media":295,"comment_status":"closed","ping_status":"","sticky":false,"template":"","format":"image","meta":{"footnotes":""},"categories":[6,9],"tags":[],"class_list":["post-4807","post","type-post","status-publish","format-image","has-post-thumbnail","hentry","category-sala-lidaura-chapitel","category-ultimas-noticias","post_format-post-format-image"],"_links":{"self":[{"href":"https:\/\/cultura.sma.gob.ar\/index.php?rest_route=\/wp\/v2\/posts\/4807","targetHints":{"allow":["GET"]}}],"collection":[{"href":"https:\/\/cultura.sma.gob.ar\/index.php?rest_route=\/wp\/v2\/posts"}],"about":[{"href":"https:\/\/cultura.sma.gob.ar\/index.php?rest_route=\/wp\/v2\/types\/post"}],"author":[{"embeddable":true,"href":"https:\/\/cultura.sma.gob.ar\/index.php?rest_route=\/wp\/v2\/users\/1"}],"replies":[{"embeddable":true,"href":"https:\/\/cultura.sma.gob.ar\/index.php?rest_route=%2Fwp%2Fv2%2Fcomments&post=4807"}],"version-history":[{"count":2,"href":"https:\/\/cultura.sma.gob.ar\/index.php?rest_route=\/wp\/v2\/posts\/4807\/revisions"}],"predecessor-version":[{"id":4813,"href":"https:\/\/cultura.sma.gob.ar\/index.php?rest_route=\/wp\/v2\/posts\/4807\/revisions\/4813"}],"wp:featuredmedia":[{"embeddable":true,"href":"https:\/\/cultura.sma.gob.ar\/index.php?rest_route=\/wp\/v2\/media\/295"}],"wp:attachment":[{"href":"https:\/\/cultura.sma.gob.ar\/index.php?rest_route=%2Fwp%2Fv2%2Fmedia&parent=4807"}],"wp:term":[{"taxonomy":"category","embeddable":true,"href":"https:\/\/cultura.sma.gob.ar\/index.php?rest_route=%2Fwp%2Fv2%2Fcategories&post=4807"},{"taxonomy":"post_tag","embeddable":true,"href":"https:\/\/cultura.sma.gob.ar\/index.php?rest_route=%2Fwp%2Fv2%2Ftags&post=4807"}],"curies":[{"name":"wp","href":"https:\/\/api.w.org\/{rel}","templated":true}]}}