{"id":4796,"date":"2023-07-27T09:40:39","date_gmt":"2023-07-27T12:40:39","guid":{"rendered":"http:\/\/cultura.sma.gob.ar\/?p=4796"},"modified":"2023-07-27T09:40:39","modified_gmt":"2023-07-27T12:40:39","slug":"estaciones-culturales-2023-nuevos-talleres-para-todas-las-edades-a-partir-de-agosto","status":"publish","type":"post","link":"https:\/\/cultura.sma.gob.ar\/?p=4796","title":{"rendered":"ESTACIONES CULTURALES 2023: \u00a1NUEVOS TALLERES PARA TODAS LAS EDADES A PARTIR DE AGOSTO!"},"content":{"rendered":"\n<figure class=\"wp-block-image size-large\"><img loading=\"lazy\" decoding=\"async\" width=\"1024\" height=\"1024\" src=\"http:\/\/cultura.sma.gob.ar\/wp-content\/uploads\/2023\/07\/Imagen-de-WhatsApp-2023-07-26-a-las-09.01.581-1024x1024.jpg\" alt=\"\" class=\"wp-image-4797\" srcset=\"https:\/\/cultura.sma.gob.ar\/wp-content\/uploads\/2023\/07\/Imagen-de-WhatsApp-2023-07-26-a-las-09.01.581-1024x1024.jpg 1024w, https:\/\/cultura.sma.gob.ar\/wp-content\/uploads\/2023\/07\/Imagen-de-WhatsApp-2023-07-26-a-las-09.01.581-300x300.jpg 300w, https:\/\/cultura.sma.gob.ar\/wp-content\/uploads\/2023\/07\/Imagen-de-WhatsApp-2023-07-26-a-las-09.01.581-150x150.jpg 150w, https:\/\/cultura.sma.gob.ar\/wp-content\/uploads\/2023\/07\/Imagen-de-WhatsApp-2023-07-26-a-las-09.01.581-768x768.jpg 768w, https:\/\/cultura.sma.gob.ar\/wp-content\/uploads\/2023\/07\/Imagen-de-WhatsApp-2023-07-26-a-las-09.01.581-1536x1536.jpg 1536w, https:\/\/cultura.sma.gob.ar\/wp-content\/uploads\/2023\/07\/Imagen-de-WhatsApp-2023-07-26-a-las-09.01.581-90x90.jpg 90w, https:\/\/cultura.sma.gob.ar\/wp-content\/uploads\/2023\/07\/Imagen-de-WhatsApp-2023-07-26-a-las-09.01.581.jpg 1600w\" sizes=\"auto, (max-width: 1024px) 100vw, 1024px\" \/><\/figure>\n\n\n\n<p>A PARTIR DEL 1 DE AGOSTO LA GRILLA DEL PROGRAMA ESTACIONES CULTURALES SE RENUEVA Y HABR\u00c1 PROPUESTAS PARA TODAS LAS EDADES.<\/p>\n\n\n\n<p> LOS TALLERES QUE COMIENZAN SON:<\/p>\n\n\n\n<ul class=\"wp-block-list\"><li>Cine infantil, para ni\u00f1os de 8 a 12 a\u00f1os, viernes de 18:00 a 19:30 hs, en la Estaci\u00f3n Cultural del Arenal.<\/li><li>Ajedrez, para todas las edades, s\u00e1bado de 16:00 a 17:30 hs, en la Estaci\u00f3n Cultural del Arenal.<\/li><li>Cine infantil, para ni\u00f1os de 8 a 12 a\u00f1os, lunes de 18:00 a 19:30 hs, en la Estaci\u00f3n Cultural de Vega Centro.<\/li><li>Puntillismo y m\u00e1ndalas, para j\u00f3venes y adultos, lunes de 20:00 a 21:30 hs, en la Estaci\u00f3n Cultural de Vega Centro.<\/li><li>Percusi\u00f3n batucada, para j\u00f3venes y adultos, viernes de 20:00 a 21:30 hs, en la Estaci\u00f3n Cultural de Vega Centro. <\/li><li>Artes pl\u00e1sticas, para ni\u00f1os de 6 a 10 a\u00f1os, martes de 16:00 a 17:30 hs, en la Estaci\u00f3n Cultural de Cordones del Chapelco.<\/li><li>Cine, para adolescentes de 12 a 15 a\u00f1os, martes de 18:00 a 19:30 hs, en la Estaci\u00f3n Cultural de Cordones del Chapelco.<\/li><\/ul>\n\n\n\n<p>INSCRIBETE POR WHATSAPP AL 2944212937 O POR MAIL A tallerescultura.sma@gmail.com<\/p>\n\n\n\n<p>\u00a1Los y las esperamos!<\/p>\n\n\n\n<figure class=\"wp-block-image size-large\"><img loading=\"lazy\" decoding=\"async\" width=\"1024\" height=\"1024\" src=\"http:\/\/cultura.sma.gob.ar\/wp-content\/uploads\/2023\/07\/Imagen-de-WhatsApp-2023-07-26-a-las-09.01.57-1024x1024.jpg\" alt=\"\" class=\"wp-image-4798\" srcset=\"https:\/\/cultura.sma.gob.ar\/wp-content\/uploads\/2023\/07\/Imagen-de-WhatsApp-2023-07-26-a-las-09.01.57-1024x1024.jpg 1024w, https:\/\/cultura.sma.gob.ar\/wp-content\/uploads\/2023\/07\/Imagen-de-WhatsApp-2023-07-26-a-las-09.01.57-300x300.jpg 300w, https:\/\/cultura.sma.gob.ar\/wp-content\/uploads\/2023\/07\/Imagen-de-WhatsApp-2023-07-26-a-las-09.01.57-150x150.jpg 150w, https:\/\/cultura.sma.gob.ar\/wp-content\/uploads\/2023\/07\/Imagen-de-WhatsApp-2023-07-26-a-las-09.01.57-768x768.jpg 768w, https:\/\/cultura.sma.gob.ar\/wp-content\/uploads\/2023\/07\/Imagen-de-WhatsApp-2023-07-26-a-las-09.01.57-1536x1536.jpg 1536w, https:\/\/cultura.sma.gob.ar\/wp-content\/uploads\/2023\/07\/Imagen-de-WhatsApp-2023-07-26-a-las-09.01.57-90x90.jpg 90w, https:\/\/cultura.sma.gob.ar\/wp-content\/uploads\/2023\/07\/Imagen-de-WhatsApp-2023-07-26-a-las-09.01.57.jpg 1600w\" sizes=\"auto, (max-width: 1024px) 100vw, 1024px\" \/><\/figure>\n\n\n\n<figure class=\"wp-block-image size-large\"><img loading=\"lazy\" decoding=\"async\" width=\"1024\" height=\"1024\" src=\"http:\/\/cultura.sma.gob.ar\/wp-content\/uploads\/2023\/07\/Imagen-de-WhatsApp-2023-07-26-a-las-09.01.582-1024x1024.jpg\" alt=\"\" class=\"wp-image-4799\" srcset=\"https:\/\/cultura.sma.gob.ar\/wp-content\/uploads\/2023\/07\/Imagen-de-WhatsApp-2023-07-26-a-las-09.01.582-1024x1024.jpg 1024w, https:\/\/cultura.sma.gob.ar\/wp-content\/uploads\/2023\/07\/Imagen-de-WhatsApp-2023-07-26-a-las-09.01.582-300x300.jpg 300w, https:\/\/cultura.sma.gob.ar\/wp-content\/uploads\/2023\/07\/Imagen-de-WhatsApp-2023-07-26-a-las-09.01.582-150x150.jpg 150w, https:\/\/cultura.sma.gob.ar\/wp-content\/uploads\/2023\/07\/Imagen-de-WhatsApp-2023-07-26-a-las-09.01.582-768x768.jpg 768w, https:\/\/cultura.sma.gob.ar\/wp-content\/uploads\/2023\/07\/Imagen-de-WhatsApp-2023-07-26-a-las-09.01.582-1536x1536.jpg 1536w, https:\/\/cultura.sma.gob.ar\/wp-content\/uploads\/2023\/07\/Imagen-de-WhatsApp-2023-07-26-a-las-09.01.582-90x90.jpg 90w, https:\/\/cultura.sma.gob.ar\/wp-content\/uploads\/2023\/07\/Imagen-de-WhatsApp-2023-07-26-a-las-09.01.582.jpg 1600w\" sizes=\"auto, (max-width: 1024px) 100vw, 1024px\" \/><\/figure>\n\n\n\n<figure class=\"wp-block-image size-large\"><img loading=\"lazy\" decoding=\"async\" width=\"1024\" height=\"1024\" src=\"http:\/\/cultura.sma.gob.ar\/wp-content\/uploads\/2023\/07\/Imagen-de-WhatsApp-2023-07-26-a-las-09.01.585-1024x1024.jpg\" alt=\"\" class=\"wp-image-4800\" srcset=\"https:\/\/cultura.sma.gob.ar\/wp-content\/uploads\/2023\/07\/Imagen-de-WhatsApp-2023-07-26-a-las-09.01.585-1024x1024.jpg 1024w, https:\/\/cultura.sma.gob.ar\/wp-content\/uploads\/2023\/07\/Imagen-de-WhatsApp-2023-07-26-a-las-09.01.585-300x300.jpg 300w, https:\/\/cultura.sma.gob.ar\/wp-content\/uploads\/2023\/07\/Imagen-de-WhatsApp-2023-07-26-a-las-09.01.585-150x150.jpg 150w, https:\/\/cultura.sma.gob.ar\/wp-content\/uploads\/2023\/07\/Imagen-de-WhatsApp-2023-07-26-a-las-09.01.585-768x768.jpg 768w, https:\/\/cultura.sma.gob.ar\/wp-content\/uploads\/2023\/07\/Imagen-de-WhatsApp-2023-07-26-a-las-09.01.585-1536x1536.jpg 1536w, https:\/\/cultura.sma.gob.ar\/wp-content\/uploads\/2023\/07\/Imagen-de-WhatsApp-2023-07-26-a-las-09.01.585-90x90.jpg 90w, https:\/\/cultura.sma.gob.ar\/wp-content\/uploads\/2023\/07\/Imagen-de-WhatsApp-2023-07-26-a-las-09.01.585.jpg 1600w\" sizes=\"auto, (max-width: 1024px) 100vw, 1024px\" \/><\/figure>\n\n\n\n<figure class=\"wp-block-image size-large\"><img loading=\"lazy\" decoding=\"async\" width=\"1024\" height=\"1024\" src=\"http:\/\/cultura.sma.gob.ar\/wp-content\/uploads\/2023\/07\/Imagen-de-WhatsApp-2023-07-26-a-las-09.01.586-1024x1024.jpg\" alt=\"\" class=\"wp-image-4801\" srcset=\"https:\/\/cultura.sma.gob.ar\/wp-content\/uploads\/2023\/07\/Imagen-de-WhatsApp-2023-07-26-a-las-09.01.586-1024x1024.jpg 1024w, https:\/\/cultura.sma.gob.ar\/wp-content\/uploads\/2023\/07\/Imagen-de-WhatsApp-2023-07-26-a-las-09.01.586-300x300.jpg 300w, https:\/\/cultura.sma.gob.ar\/wp-content\/uploads\/2023\/07\/Imagen-de-WhatsApp-2023-07-26-a-las-09.01.586-150x150.jpg 150w, https:\/\/cultura.sma.gob.ar\/wp-content\/uploads\/2023\/07\/Imagen-de-WhatsApp-2023-07-26-a-las-09.01.586-768x768.jpg 768w, https:\/\/cultura.sma.gob.ar\/wp-content\/uploads\/2023\/07\/Imagen-de-WhatsApp-2023-07-26-a-las-09.01.586-1536x1536.jpg 1536w, https:\/\/cultura.sma.gob.ar\/wp-content\/uploads\/2023\/07\/Imagen-de-WhatsApp-2023-07-26-a-las-09.01.586-90x90.jpg 90w, https:\/\/cultura.sma.gob.ar\/wp-content\/uploads\/2023\/07\/Imagen-de-WhatsApp-2023-07-26-a-las-09.01.586.jpg 1600w\" sizes=\"auto, (max-width: 1024px) 100vw, 1024px\" \/><\/figure>\n\n\n\n<figure class=\"wp-block-image size-large\"><img loading=\"lazy\" decoding=\"async\" width=\"1024\" height=\"1024\" src=\"http:\/\/cultura.sma.gob.ar\/wp-content\/uploads\/2023\/07\/Imagen-de-WhatsApp-2023-07-26-a-las-09.01.583-1024x1024.jpg\" alt=\"\" class=\"wp-image-4802\" srcset=\"https:\/\/cultura.sma.gob.ar\/wp-content\/uploads\/2023\/07\/Imagen-de-WhatsApp-2023-07-26-a-las-09.01.583-1024x1024.jpg 1024w, https:\/\/cultura.sma.gob.ar\/wp-content\/uploads\/2023\/07\/Imagen-de-WhatsApp-2023-07-26-a-las-09.01.583-300x300.jpg 300w, https:\/\/cultura.sma.gob.ar\/wp-content\/uploads\/2023\/07\/Imagen-de-WhatsApp-2023-07-26-a-las-09.01.583-150x150.jpg 150w, https:\/\/cultura.sma.gob.ar\/wp-content\/uploads\/2023\/07\/Imagen-de-WhatsApp-2023-07-26-a-las-09.01.583-768x768.jpg 768w, https:\/\/cultura.sma.gob.ar\/wp-content\/uploads\/2023\/07\/Imagen-de-WhatsApp-2023-07-26-a-las-09.01.583-1536x1536.jpg 1536w, https:\/\/cultura.sma.gob.ar\/wp-content\/uploads\/2023\/07\/Imagen-de-WhatsApp-2023-07-26-a-las-09.01.583-90x90.jpg 90w, https:\/\/cultura.sma.gob.ar\/wp-content\/uploads\/2023\/07\/Imagen-de-WhatsApp-2023-07-26-a-las-09.01.583.jpg 1600w\" sizes=\"auto, (max-width: 1024px) 100vw, 1024px\" \/><\/figure>\n\n\n\n<figure class=\"wp-block-image size-large\"><img loading=\"lazy\" decoding=\"async\" width=\"1024\" height=\"1024\" src=\"http:\/\/cultura.sma.gob.ar\/wp-content\/uploads\/2023\/07\/Imagen-de-WhatsApp-2023-07-26-a-las-09.01.584-1024x1024.jpg\" alt=\"\" class=\"wp-image-4803\" srcset=\"https:\/\/cultura.sma.gob.ar\/wp-content\/uploads\/2023\/07\/Imagen-de-WhatsApp-2023-07-26-a-las-09.01.584-1024x1024.jpg 1024w, https:\/\/cultura.sma.gob.ar\/wp-content\/uploads\/2023\/07\/Imagen-de-WhatsApp-2023-07-26-a-las-09.01.584-300x300.jpg 300w, https:\/\/cultura.sma.gob.ar\/wp-content\/uploads\/2023\/07\/Imagen-de-WhatsApp-2023-07-26-a-las-09.01.584-150x150.jpg 150w, https:\/\/cultura.sma.gob.ar\/wp-content\/uploads\/2023\/07\/Imagen-de-WhatsApp-2023-07-26-a-las-09.01.584-768x768.jpg 768w, https:\/\/cultura.sma.gob.ar\/wp-content\/uploads\/2023\/07\/Imagen-de-WhatsApp-2023-07-26-a-las-09.01.584-1536x1536.jpg 1536w, https:\/\/cultura.sma.gob.ar\/wp-content\/uploads\/2023\/07\/Imagen-de-WhatsApp-2023-07-26-a-las-09.01.584-90x90.jpg 90w, https:\/\/cultura.sma.gob.ar\/wp-content\/uploads\/2023\/07\/Imagen-de-WhatsApp-2023-07-26-a-las-09.01.584.jpg 1600w\" sizes=\"auto, (max-width: 1024px) 100vw, 1024px\" \/><\/figure>\n","protected":false},"excerpt":{"rendered":"<p>A PARTIR DEL 1 DE AGOSTO LA GRILLA DEL PROGRAMA ESTACIONES CULTURALES SE RENUEVA Y HABR\u00c1 PROPUESTAS PARA TODAS LAS EDADES. LOS TALLERES QUE COMIENZAN SON: Cine infantil, para ni\u00f1os de 8 a 12 a\u00f1os, viernes de 18:00 a 19:30 hs, en la Estaci\u00f3n Cultural del Arenal. Ajedrez, para todas las edades, s\u00e1bado de 16:00 a 17:30 hs, en la Estaci\u00f3n Cultural del Arenal. Cine &hellip; <a href=\"https:\/\/cultura.sma.gob.ar\/?p=4796\" class=\"more-link\">Continue reading <span class=\"screen-reader-text\">ESTACIONES CULTURALES 2023: \u00a1NUEVOS TALLERES PARA TODAS LAS EDADES A PARTIR DE AGOSTO!<\/span><\/a><\/p>\n","protected":false},"author":1,"featured_media":293,"comment_status":"closed","ping_status":"","sticky":false,"template":"","format":"image","meta":{"footnotes":""},"categories":[7,9],"tags":[],"class_list":["post-4796","post","type-post","status-publish","format-image","has-post-thumbnail","hentry","category-talleres-cultura","category-ultimas-noticias","post_format-post-format-image"],"_links":{"self":[{"href":"https:\/\/cultura.sma.gob.ar\/index.php?rest_route=\/wp\/v2\/posts\/4796","targetHints":{"allow":["GET"]}}],"collection":[{"href":"https:\/\/cultura.sma.gob.ar\/index.php?rest_route=\/wp\/v2\/posts"}],"about":[{"href":"https:\/\/cultura.sma.gob.ar\/index.php?rest_route=\/wp\/v2\/types\/post"}],"author":[{"embeddable":true,"href":"https:\/\/cultura.sma.gob.ar\/index.php?rest_route=\/wp\/v2\/users\/1"}],"replies":[{"embeddable":true,"href":"https:\/\/cultura.sma.gob.ar\/index.php?rest_route=%2Fwp%2Fv2%2Fcomments&post=4796"}],"version-history":[{"count":1,"href":"https:\/\/cultura.sma.gob.ar\/index.php?rest_route=\/wp\/v2\/posts\/4796\/revisions"}],"predecessor-version":[{"id":4804,"href":"https:\/\/cultura.sma.gob.ar\/index.php?rest_route=\/wp\/v2\/posts\/4796\/revisions\/4804"}],"wp:featuredmedia":[{"embeddable":true,"href":"https:\/\/cultura.sma.gob.ar\/index.php?rest_route=\/wp\/v2\/media\/293"}],"wp:attachment":[{"href":"https:\/\/cultura.sma.gob.ar\/index.php?rest_route=%2Fwp%2Fv2%2Fmedia&parent=4796"}],"wp:term":[{"taxonomy":"category","embeddable":true,"href":"https:\/\/cultura.sma.gob.ar\/index.php?rest_route=%2Fwp%2Fv2%2Fcategories&post=4796"},{"taxonomy":"post_tag","embeddable":true,"href":"https:\/\/cultura.sma.gob.ar\/index.php?rest_route=%2Fwp%2Fv2%2Ftags&post=4796"}],"curies":[{"name":"wp","href":"https:\/\/api.w.org\/{rel}","templated":true}]}}