{"id":4792,"date":"2023-07-27T09:30:35","date_gmt":"2023-07-27T12:30:35","guid":{"rendered":"http:\/\/cultura.sma.gob.ar\/?p=4792"},"modified":"2023-07-27T09:30:35","modified_gmt":"2023-07-27T12:30:35","slug":"42o-fiesta-nacional-del-montanes-se-abren-las-inscripciones-para-el-concurso-de-hacheros-hacheras-hacheritos-motosierristas-y-sierras-corvina","status":"publish","type":"post","link":"https:\/\/cultura.sma.gob.ar\/?p=4792","title":{"rendered":"42\u00ba FIESTA NACIONAL DEL MONTA\u00d1\u00c9S: Se abren las inscripciones para el Concurso de hacheros, hacheras, hacheritos, motosierristas y sierras corvina"},"content":{"rendered":"\n<figure class=\"wp-block-image size-large\"><img loading=\"lazy\" decoding=\"async\" width=\"1024\" height=\"684\" src=\"http:\/\/cultura.sma.gob.ar\/wp-content\/uploads\/2023\/07\/Hachero-com.-prensa-1024x684.jpg\" alt=\"\" class=\"wp-image-4793\" srcset=\"https:\/\/cultura.sma.gob.ar\/wp-content\/uploads\/2023\/07\/Hachero-com.-prensa-1024x684.jpg 1024w, https:\/\/cultura.sma.gob.ar\/wp-content\/uploads\/2023\/07\/Hachero-com.-prensa-300x200.jpg 300w, https:\/\/cultura.sma.gob.ar\/wp-content\/uploads\/2023\/07\/Hachero-com.-prensa-768x513.jpg 768w, https:\/\/cultura.sma.gob.ar\/wp-content\/uploads\/2023\/07\/Hachero-com.-prensa-1536x1025.jpg 1536w, https:\/\/cultura.sma.gob.ar\/wp-content\/uploads\/2023\/07\/Hachero-com.-prensa-2048x1367.jpg 2048w, https:\/\/cultura.sma.gob.ar\/wp-content\/uploads\/2023\/07\/Hachero-com.-prensa-135x90.jpg 135w\" sizes=\"auto, (max-width: 1024px) 100vw, 1024px\" \/><\/figure>\n\n\n\n<p><br>Ya est\u00e1n abiertas las inscripciones para el tradicional Concurso de Hacheros de la<br>Fiesta Nacional del Monta\u00f1\u00e9s, que en esta 42\u00aa edici\u00f3n volver\u00e1 a realizarse en la Avenida San Mart\u00edn, con sus cinco categor\u00edas de participaci\u00f3n: Hacheros, Hacheras  Hacheritos, Motosierristas y Sierra Corvina.<\/p>\n\n\n\n<p>El evento se llevar\u00e1 a cabo el domingo 20 de agosto. Nuevamente, residentes y turistas podr\u00e1n disfrutar de la \u00e9pica que reviste este encuentro que tanto caracteriza a la comunidad sanmartinense y que ya forma parte de nuestra identidad.<\/p>\n\n\n\n<p>Las cinco categor\u00edas de participaci\u00f3n est\u00e1n destinadas a los siguientes competidores:<\/p>\n\n\n\n<p>-Hacheros: varones mayores de 15 a\u00f1os.<br>-Hacheras: mujeres mayores de 15 a\u00f1os.<br>-Hacheritos: varones y mujeres de 10 a 14 a\u00f1os.<br>-Motosierristas: varones y mujeres mayores de 18 a\u00f1os. (Importante: recordar que en esta categor\u00eda se puede participar con motosierras de motores de 2 tiempos y de<br>hasta 59 cm 3 de cilindrada.<br>-Sierras Corvina: varones y mujeres mayores de 15 a\u00f1os.<\/p>\n\n\n\n<p>Las inscripciones estar\u00e1n abiertas desde el viernes 28 de julio y hasta el 14 de agosto inclusive. Los interesados podr\u00e1n inscribirse de lunes a viernes, de 8 a 15 hs en la Secretar\u00eda de Cultura (Cap. Drury 665),\u00a0presentando DNI.<br>Los competidores de otras ciudades que deseen inscribirse al concurso deben llamar al tel\u00e9fono fijo de la Secretar\u00eda de Cultura: (02972) 424-804.<\/p>\n","protected":false},"excerpt":{"rendered":"<p>Ya est\u00e1n abiertas las inscripciones para el tradicional Concurso de Hacheros de laFiesta Nacional del Monta\u00f1\u00e9s, que en esta 42\u00aa edici\u00f3n volver\u00e1 a realizarse en la Avenida San Mart\u00edn, con sus cinco categor\u00edas de participaci\u00f3n: Hacheros, Hacheras Hacheritos, Motosierristas y Sierra Corvina. El evento se llevar\u00e1 a cabo el domingo 20 de agosto. Nuevamente, residentes y turistas podr\u00e1n disfrutar de la \u00e9pica que reviste este &hellip; <a href=\"https:\/\/cultura.sma.gob.ar\/?p=4792\" class=\"more-link\">Continue reading <span class=\"screen-reader-text\">42\u00ba FIESTA NACIONAL DEL MONTA\u00d1\u00c9S: Se abren las inscripciones para el Concurso de hacheros, hacheras, hacheritos, motosierristas y sierras corvina<\/span><\/a><\/p>\n","protected":false},"author":1,"featured_media":296,"comment_status":"closed","ping_status":"","sticky":false,"template":"","format":"image","meta":{"footnotes":""},"categories":[3,9],"tags":[],"class_list":["post-4792","post","type-post","status-publish","format-image","has-post-thumbnail","hentry","category-eventos-cultura","category-ultimas-noticias","post_format-post-format-image"],"_links":{"self":[{"href":"https:\/\/cultura.sma.gob.ar\/index.php?rest_route=\/wp\/v2\/posts\/4792","targetHints":{"allow":["GET"]}}],"collection":[{"href":"https:\/\/cultura.sma.gob.ar\/index.php?rest_route=\/wp\/v2\/posts"}],"about":[{"href":"https:\/\/cultura.sma.gob.ar\/index.php?rest_route=\/wp\/v2\/types\/post"}],"author":[{"embeddable":true,"href":"https:\/\/cultura.sma.gob.ar\/index.php?rest_route=\/wp\/v2\/users\/1"}],"replies":[{"embeddable":true,"href":"https:\/\/cultura.sma.gob.ar\/index.php?rest_route=%2Fwp%2Fv2%2Fcomments&post=4792"}],"version-history":[{"count":1,"href":"https:\/\/cultura.sma.gob.ar\/index.php?rest_route=\/wp\/v2\/posts\/4792\/revisions"}],"predecessor-version":[{"id":4794,"href":"https:\/\/cultura.sma.gob.ar\/index.php?rest_route=\/wp\/v2\/posts\/4792\/revisions\/4794"}],"wp:featuredmedia":[{"embeddable":true,"href":"https:\/\/cultura.sma.gob.ar\/index.php?rest_route=\/wp\/v2\/media\/296"}],"wp:attachment":[{"href":"https:\/\/cultura.sma.gob.ar\/index.php?rest_route=%2Fwp%2Fv2%2Fmedia&parent=4792"}],"wp:term":[{"taxonomy":"category","embeddable":true,"href":"https:\/\/cultura.sma.gob.ar\/index.php?rest_route=%2Fwp%2Fv2%2Fcategories&post=4792"},{"taxonomy":"post_tag","embeddable":true,"href":"https:\/\/cultura.sma.gob.ar\/index.php?rest_route=%2Fwp%2Fv2%2Ftags&post=4792"}],"curies":[{"name":"wp","href":"https:\/\/api.w.org\/{rel}","templated":true}]}}