{"id":4784,"date":"2023-07-25T19:25:06","date_gmt":"2023-07-25T22:25:06","guid":{"rendered":"http:\/\/cultura.sma.gob.ar\/?p=4784"},"modified":"2023-07-25T19:31:26","modified_gmt":"2023-07-25T22:31:26","slug":"ciclo-de-cine-en-la-sala-chapitel-organizado-con-la-asociacion-amigos-de-la-sala","status":"publish","type":"post","link":"https:\/\/cultura.sma.gob.ar\/?p=4784","title":{"rendered":"CICLO DE CINE EN LA SALA CHAPITEL ORGANIZADO CON LA ASOCIACI\u00d3N AMIGOS DE LA SALA"},"content":{"rendered":"\n<figure class=\"wp-block-image size-large\"><img loading=\"lazy\" decoding=\"async\" width=\"1024\" height=\"1024\" src=\"http:\/\/cultura.sma.gob.ar\/wp-content\/uploads\/2023\/07\/la-pintora-y-el-ladron-1024x1024.jpg\" alt=\"\" class=\"wp-image-4785\" srcset=\"https:\/\/cultura.sma.gob.ar\/wp-content\/uploads\/2023\/07\/la-pintora-y-el-ladron-1024x1024.jpg 1024w, https:\/\/cultura.sma.gob.ar\/wp-content\/uploads\/2023\/07\/la-pintora-y-el-ladron-300x300.jpg 300w, https:\/\/cultura.sma.gob.ar\/wp-content\/uploads\/2023\/07\/la-pintora-y-el-ladron-150x150.jpg 150w, https:\/\/cultura.sma.gob.ar\/wp-content\/uploads\/2023\/07\/la-pintora-y-el-ladron-768x768.jpg 768w, https:\/\/cultura.sma.gob.ar\/wp-content\/uploads\/2023\/07\/la-pintora-y-el-ladron-1536x1536.jpg 1536w, https:\/\/cultura.sma.gob.ar\/wp-content\/uploads\/2023\/07\/la-pintora-y-el-ladron-2048x2048.jpg 2048w, https:\/\/cultura.sma.gob.ar\/wp-content\/uploads\/2023\/07\/la-pintora-y-el-ladron-90x90.jpg 90w\" sizes=\"auto, (max-width: 1024px) 100vw, 1024px\" \/><\/figure>\n\n\n\n<ul class=\"wp-block-list\"><li>Coordina Marcelo Gobbo<\/li><li>Entrada a la gorra<\/li><\/ul>\n\n\n\n<p><strong>S\u00e1bado 29 de julio, 18 hs.<\/strong><br>La pintora y el ladr\u00f3n (Kunstneren og tyven, 2020), dirigida por Benjamin Ree, con Barbora Kysilkova y Karl Bertil-Nordland. 107 minutos<br>La joven artista checa Barbora Kysilkova se muda de Berl\u00edn a Oslo para escapar de una relaci\u00f3n abusiva. En abril de 2015, sus dos pinturas de gran formato m\u00e1s valiosas son robadas a plena luz del d\u00eda de los escaparates de Galleri Nobel en el centro de la ciudad de Oslo. Desesperada por obtener respuestas sobre el robo de sus pinturas, a Barbora se le presenta una oportunidad inusual: comunicarse con uno de los hombres involucrados en el atraco, el criminal profesional noruego Karl Bertil Nordland. El cineasta Benjamin Ree comienza a documentar la historia despu\u00e9s de que Barbora incre\u00edblemente invita a su ladr\u00f3n a posar para un retrato, capturando la improbable relaci\u00f3n que surge cuando el d\u00fao encuentra puntos en com\u00fan y forma un v\u00ednculo inseparable a trav\u00e9s de su afinidad mutua por el arte. }<\/p>\n\n\n\n<p>Pel\u00edcula ganadora de 18 premios internacionales, en los festivales de Sundance, Hong Kong, Boston y Londres, entre otros.<\/p>\n\n\n\n<figure class=\"wp-block-image size-large\"><img loading=\"lazy\" decoding=\"async\" width=\"1024\" height=\"1024\" src=\"http:\/\/cultura.sma.gob.ar\/wp-content\/uploads\/2023\/07\/con-f-de-falso-1024x1024.jpg\" alt=\"\" class=\"wp-image-4786\" srcset=\"https:\/\/cultura.sma.gob.ar\/wp-content\/uploads\/2023\/07\/con-f-de-falso-1024x1024.jpg 1024w, https:\/\/cultura.sma.gob.ar\/wp-content\/uploads\/2023\/07\/con-f-de-falso-300x300.jpg 300w, https:\/\/cultura.sma.gob.ar\/wp-content\/uploads\/2023\/07\/con-f-de-falso-150x150.jpg 150w, https:\/\/cultura.sma.gob.ar\/wp-content\/uploads\/2023\/07\/con-f-de-falso-768x768.jpg 768w, https:\/\/cultura.sma.gob.ar\/wp-content\/uploads\/2023\/07\/con-f-de-falso-1536x1536.jpg 1536w, https:\/\/cultura.sma.gob.ar\/wp-content\/uploads\/2023\/07\/con-f-de-falso-2048x2048.jpg 2048w, https:\/\/cultura.sma.gob.ar\/wp-content\/uploads\/2023\/07\/con-f-de-falso-90x90.jpg 90w\" sizes=\"auto, (max-width: 1024px) 100vw, 1024px\" \/><\/figure>\n\n\n\n<p><strong>S\u00e1bado 5 de agosto, 18 hs.<\/strong><\/p>\n\n\n\n<p>F de falso (F for Fake, 1973), dirigida por Orson Welles, con Orson Welles, Oja Kodar, Fran\u00e7ois Reichenbach y Elmyr de Hory. 89 minutos<\/p>\n\n\n\n<p>Este documental de Orson Welles sobre la falsificaci\u00f3n y el fraude se centra en el notorio falsificador de arte Elmyr de Hory y en el bi\u00f3grafo de Elmyr, Clifford Irving, quien tambi\u00e9n escribi\u00f3 la c\u00e9lebre autobiograf\u00eda fraudulenta de Howard Hughes, y luego aborda la carrera del solitario.<br>Hughes y Welles (que comenz\u00f3 con un curr\u00edculum falsificado y una falsa invasi\u00f3n marciana), para terminar en una historia sobre Picasso y Oja Kodar. En el camino, Welles hace algunos trucos a la audiencia. Una de las mejores pel\u00edculas del gran director estadounidense, ganadora de tres premios, y una de las obras m\u00e1s incisivas acerca de la naturaleza del arte.<\/p>\n\n\n\n<figure class=\"wp-block-image size-large\"><img loading=\"lazy\" decoding=\"async\" width=\"1024\" height=\"1024\" src=\"http:\/\/cultura.sma.gob.ar\/wp-content\/uploads\/2023\/07\/el-sol-del-membrillo-1024x1024.jpg\" alt=\"\" class=\"wp-image-4787\" srcset=\"https:\/\/cultura.sma.gob.ar\/wp-content\/uploads\/2023\/07\/el-sol-del-membrillo-1024x1024.jpg 1024w, https:\/\/cultura.sma.gob.ar\/wp-content\/uploads\/2023\/07\/el-sol-del-membrillo-300x300.jpg 300w, https:\/\/cultura.sma.gob.ar\/wp-content\/uploads\/2023\/07\/el-sol-del-membrillo-150x150.jpg 150w, https:\/\/cultura.sma.gob.ar\/wp-content\/uploads\/2023\/07\/el-sol-del-membrillo-768x768.jpg 768w, https:\/\/cultura.sma.gob.ar\/wp-content\/uploads\/2023\/07\/el-sol-del-membrillo-1536x1536.jpg 1536w, https:\/\/cultura.sma.gob.ar\/wp-content\/uploads\/2023\/07\/el-sol-del-membrillo-2048x2048.jpg 2048w, https:\/\/cultura.sma.gob.ar\/wp-content\/uploads\/2023\/07\/el-sol-del-membrillo-90x90.jpg 90w\" sizes=\"auto, (max-width: 1024px) 100vw, 1024px\" \/><\/figure>\n\n\n\n<p><strong>S\u00e1bado 12 de agosto, 18 hs.<\/strong><\/p>\n\n\n\n<p>El sol del membrillo (1992), dirigida por V\u00edctor Erice, con Antonio L\u00f3pez, Mar\u00eda Moreno y Enrique Gran. 134 minutos.<br>El artista Antonio L\u00f3pez intenta pintar el membrillero que plant\u00f3 hace un tiempo en su jard\u00edn. A lo largo de su vida, ha trabajado muchas veces sobre el mismo tema, casi como si fuera una necesidad f\u00edsica. Cada a\u00f1o, con la llegada del oto\u00f1o, esta necesidad resurge. La obra del artista nunca ha representado los rayos del sol entre las hojas del \u00e1rbol y, dado su caracter\u00edstico estilo realista, trata de lograrlo. Pero lo hace de la misma manera, sin buscar conscientemente una imagen terminada: solo quiere estar cerca del fr\u00e1gil \u00e1rbol lujoso durante unas semanas. No hay pretensiones en la presentaci\u00f3n de Erice, solo un intento de mostrar al artista como un inspirado y sincero estudioso de los misterios de la vida que est\u00e1 tratando de capturar un momento perfecto en el tiempo para hacerlo eterno. Siempre elegida como una de las mejores veinte pel\u00edculas del cine espa\u00f1ol, gan\u00f3 ocho premios internacionales.<\/p>\n\n\n\n<p><strong>Marcelo Gobbo (Buenos Aires, 1966)<\/strong> es escritor y realizador audiovisual.<br>En 2005 cre\u00f3 el Cineclub de La Cascada, que durante casi una d\u00e9cada funcion\u00f3 en esta ciudad. Tambi\u00e9n fue el impulsor del Cine al Aire Libre en la Plaza Sarmiento. Ha publicado diez libros, de todos los g\u00e9neros, y obtuvo m\u00e1s de una treintena de distinciones por su obra literaria y audiovisual.<\/p>\n","protected":false},"excerpt":{"rendered":"<p>Coordina Marcelo Gobbo Entrada a la gorra S\u00e1bado 29 de julio, 18 hs.La pintora y el ladr\u00f3n (Kunstneren og tyven, 2020), dirigida por Benjamin Ree, con Barbora Kysilkova y Karl Bertil-Nordland. 107 minutosLa joven artista checa Barbora Kysilkova se muda de Berl\u00edn a Oslo para escapar de una relaci\u00f3n abusiva. En abril de 2015, sus dos pinturas de gran formato m\u00e1s valiosas son robadas a &hellip; <a href=\"https:\/\/cultura.sma.gob.ar\/?p=4784\" class=\"more-link\">Continue reading <span class=\"screen-reader-text\">CICLO DE CINE EN LA SALA CHAPITEL ORGANIZADO CON LA ASOCIACI\u00d3N AMIGOS DE LA SALA<\/span><\/a><\/p>\n","protected":false},"author":1,"featured_media":295,"comment_status":"closed","ping_status":"","sticky":false,"template":"","format":"image","meta":{"footnotes":""},"categories":[6,9],"tags":[],"class_list":["post-4784","post","type-post","status-publish","format-image","has-post-thumbnail","hentry","category-sala-lidaura-chapitel","category-ultimas-noticias","post_format-post-format-image"],"_links":{"self":[{"href":"https:\/\/cultura.sma.gob.ar\/index.php?rest_route=\/wp\/v2\/posts\/4784","targetHints":{"allow":["GET"]}}],"collection":[{"href":"https:\/\/cultura.sma.gob.ar\/index.php?rest_route=\/wp\/v2\/posts"}],"about":[{"href":"https:\/\/cultura.sma.gob.ar\/index.php?rest_route=\/wp\/v2\/types\/post"}],"author":[{"embeddable":true,"href":"https:\/\/cultura.sma.gob.ar\/index.php?rest_route=\/wp\/v2\/users\/1"}],"replies":[{"embeddable":true,"href":"https:\/\/cultura.sma.gob.ar\/index.php?rest_route=%2Fwp%2Fv2%2Fcomments&post=4784"}],"version-history":[{"count":2,"href":"https:\/\/cultura.sma.gob.ar\/index.php?rest_route=\/wp\/v2\/posts\/4784\/revisions"}],"predecessor-version":[{"id":4790,"href":"https:\/\/cultura.sma.gob.ar\/index.php?rest_route=\/wp\/v2\/posts\/4784\/revisions\/4790"}],"wp:featuredmedia":[{"embeddable":true,"href":"https:\/\/cultura.sma.gob.ar\/index.php?rest_route=\/wp\/v2\/media\/295"}],"wp:attachment":[{"href":"https:\/\/cultura.sma.gob.ar\/index.php?rest_route=%2Fwp%2Fv2%2Fmedia&parent=4784"}],"wp:term":[{"taxonomy":"category","embeddable":true,"href":"https:\/\/cultura.sma.gob.ar\/index.php?rest_route=%2Fwp%2Fv2%2Fcategories&post=4784"},{"taxonomy":"post_tag","embeddable":true,"href":"https:\/\/cultura.sma.gob.ar\/index.php?rest_route=%2Fwp%2Fv2%2Ftags&post=4784"}],"curies":[{"name":"wp","href":"https:\/\/api.w.org\/{rel}","templated":true}]}}