{"id":4778,"date":"2023-07-16T19:59:21","date_gmt":"2023-07-16T22:59:21","guid":{"rendered":"http:\/\/cultura.sma.gob.ar\/?p=4778"},"modified":"2023-07-16T19:59:21","modified_gmt":"2023-07-16T22:59:21","slug":"juegos-neuquinos-culturales-ya-podes-inscribirte","status":"publish","type":"post","link":"https:\/\/cultura.sma.gob.ar\/?p=4778","title":{"rendered":"Juegos Neuquinos Culturales: \u00a1Ya pod\u00e9s inscribirte!"},"content":{"rendered":"\n<figure class=\"wp-block-image size-large\"><img loading=\"lazy\" decoding=\"async\" width=\"1024\" height=\"507\" src=\"http:\/\/cultura.sma.gob.ar\/wp-content\/uploads\/2023\/07\/SMA-GE0006-Juegos-Neuquinos-2-1024x507.jpg\" alt=\"\" class=\"wp-image-4779\" srcset=\"https:\/\/cultura.sma.gob.ar\/wp-content\/uploads\/2023\/07\/SMA-GE0006-Juegos-Neuquinos-2-1024x507.jpg 1024w, https:\/\/cultura.sma.gob.ar\/wp-content\/uploads\/2023\/07\/SMA-GE0006-Juegos-Neuquinos-2-300x149.jpg 300w, https:\/\/cultura.sma.gob.ar\/wp-content\/uploads\/2023\/07\/SMA-GE0006-Juegos-Neuquinos-2-768x380.jpg 768w, https:\/\/cultura.sma.gob.ar\/wp-content\/uploads\/2023\/07\/SMA-GE0006-Juegos-Neuquinos-2-1536x760.jpg 1536w, https:\/\/cultura.sma.gob.ar\/wp-content\/uploads\/2023\/07\/SMA-GE0006-Juegos-Neuquinos-2-2048x1014.jpg 2048w, https:\/\/cultura.sma.gob.ar\/wp-content\/uploads\/2023\/07\/SMA-GE0006-Juegos-Neuquinos-2-182x90.jpg 182w\" sizes=\"auto, (max-width: 1024px) 100vw, 1024px\" \/><\/figure>\n\n\n\n<p><br>Las inscripciones se realizar\u00e1n en la Secretar\u00eda de Cultura (Cap. Drury 665)\u00a0desde el 10 de julio hasta el 16 de agosto,\u00a0de lunes a viernes 14 a 19 hs. <a href=\"https:\/\/drive.google.com\/file\/d\/1Zsta9RGgEEPOQYQUzWpR1IpBudvHBQR0\/view?usp=drive_link\">En el mismo lugar tambi\u00e9n podr\u00e1n retirar bases y condiciones.<\/a><\/p>\n\n\n\n<p>Las disciplinas concursantes ser\u00e1n:\u00a0<\/p>\n\n\n\n<p>&#8211; M\u00fasica: Freestyle, Canto Solista, Conjunto Musical.<br>&#8211; Artes Visuales: Fotograf\u00eda y Pintura\/Dibujo<br>&#8211; Literatura: Cuento, Poes\u00eda e Historieta<br>&#8211; Audiovisual: Videominuto<br>&#8211; Artes Esc\u00e9nicas: Danza, Teatro (3 participantes), Teatro unipersonal, Danza Libre.<\/p>\n\n\n\n<p>Los Juegos Neuquinos Culturales, se destinan a j\u00f3venes de entre 12 a 18 a\u00f1os de toda la provincia, organizados en las siguientes categor\u00edas:<\/p>\n\n\n\n<p>\u25cf\u00a0Sub 15:\u00a0(12, 13, 14, 15 a\u00f1os) podr\u00e1n inscribirse en esta categor\u00eda, j\u00f3venes nacidos durante los a\u00f1os , 2008, 2009, 2010 y 2011 cumpliendo los 15 a\u00f1os de edad al 31 de diciembre de 2023.\u00a0<\/p>\n\n\n\n<p>\u25cf\u00a0Sub 18:\u00a0(16, 17, 18 a\u00f1os) podr\u00e1n inscribirse en esta categor\u00eda, j\u00f3venes nacidos durante los a\u00f1os 2005, 2006 y 2007, cumpliendo los 18 a\u00f1os de edad al 31 de diciembre de 2023 inclusive.<\/p>\n\n\n\n<p>\u25cf\u00a0Categor\u00eda \u00danica:\u00a0(12 a 18 a\u00f1os) podr\u00e1n inscribirse en esta categor\u00eda, j\u00f3venes nacidos entre los a\u00f1os 2005 y 2011, cumpliendo los 18 a\u00f1os de edad al 31 de diciembre de 2023.\u00a0<\/p>\n\n\n\n<p>\u25cf Personas con Discapacidad: (12 a 18 a\u00f1os). Destinado a participantes con discapacidad nacidos entre los a\u00f1os 2005 y 2011, cumpliendo los 18 a\u00f1os de edad hasta el 31 de diciembre de 2023.<\/p>\n\n\n\n<figure class=\"wp-block-image size-large\"><img loading=\"lazy\" decoding=\"async\" width=\"1024\" height=\"1024\" src=\"http:\/\/cultura.sma.gob.ar\/wp-content\/uploads\/2023\/07\/SMA-GE0006-Juegos-Neuquinos-1-1024x1024.jpg\" alt=\"\" class=\"wp-image-4780\" srcset=\"https:\/\/cultura.sma.gob.ar\/wp-content\/uploads\/2023\/07\/SMA-GE0006-Juegos-Neuquinos-1-1024x1024.jpg 1024w, https:\/\/cultura.sma.gob.ar\/wp-content\/uploads\/2023\/07\/SMA-GE0006-Juegos-Neuquinos-1-300x300.jpg 300w, https:\/\/cultura.sma.gob.ar\/wp-content\/uploads\/2023\/07\/SMA-GE0006-Juegos-Neuquinos-1-150x150.jpg 150w, https:\/\/cultura.sma.gob.ar\/wp-content\/uploads\/2023\/07\/SMA-GE0006-Juegos-Neuquinos-1-768x768.jpg 768w, https:\/\/cultura.sma.gob.ar\/wp-content\/uploads\/2023\/07\/SMA-GE0006-Juegos-Neuquinos-1-1536x1536.jpg 1536w, https:\/\/cultura.sma.gob.ar\/wp-content\/uploads\/2023\/07\/SMA-GE0006-Juegos-Neuquinos-1-2048x2048.jpg 2048w, https:\/\/cultura.sma.gob.ar\/wp-content\/uploads\/2023\/07\/SMA-GE0006-Juegos-Neuquinos-1-90x90.jpg 90w\" sizes=\"auto, (max-width: 1024px) 100vw, 1024px\" \/><\/figure>\n","protected":false},"excerpt":{"rendered":"<p>Las inscripciones se realizar\u00e1n en la Secretar\u00eda de Cultura (Cap. Drury 665)\u00a0desde el 10 de julio hasta el 16 de agosto,\u00a0de lunes a viernes 14 a 19 hs. En el mismo lugar tambi\u00e9n podr\u00e1n retirar bases y condiciones. Las disciplinas concursantes ser\u00e1n:\u00a0 &#8211; M\u00fasica: Freestyle, Canto Solista, Conjunto Musical.&#8211; Artes Visuales: Fotograf\u00eda y Pintura\/Dibujo&#8211; Literatura: Cuento, Poes\u00eda e Historieta&#8211; Audiovisual: Videominuto&#8211; Artes Esc\u00e9nicas: Danza, Teatro &hellip; <a href=\"https:\/\/cultura.sma.gob.ar\/?p=4778\" class=\"more-link\">Continue reading <span class=\"screen-reader-text\">Juegos Neuquinos Culturales: \u00a1Ya pod\u00e9s inscribirte!<\/span><\/a><\/p>\n","protected":false},"author":1,"featured_media":296,"comment_status":"closed","ping_status":"","sticky":false,"template":"","format":"image","meta":{"footnotes":""},"categories":[3,9],"tags":[],"class_list":["post-4778","post","type-post","status-publish","format-image","has-post-thumbnail","hentry","category-eventos-cultura","category-ultimas-noticias","post_format-post-format-image"],"_links":{"self":[{"href":"https:\/\/cultura.sma.gob.ar\/index.php?rest_route=\/wp\/v2\/posts\/4778","targetHints":{"allow":["GET"]}}],"collection":[{"href":"https:\/\/cultura.sma.gob.ar\/index.php?rest_route=\/wp\/v2\/posts"}],"about":[{"href":"https:\/\/cultura.sma.gob.ar\/index.php?rest_route=\/wp\/v2\/types\/post"}],"author":[{"embeddable":true,"href":"https:\/\/cultura.sma.gob.ar\/index.php?rest_route=\/wp\/v2\/users\/1"}],"replies":[{"embeddable":true,"href":"https:\/\/cultura.sma.gob.ar\/index.php?rest_route=%2Fwp%2Fv2%2Fcomments&post=4778"}],"version-history":[{"count":1,"href":"https:\/\/cultura.sma.gob.ar\/index.php?rest_route=\/wp\/v2\/posts\/4778\/revisions"}],"predecessor-version":[{"id":4781,"href":"https:\/\/cultura.sma.gob.ar\/index.php?rest_route=\/wp\/v2\/posts\/4778\/revisions\/4781"}],"wp:featuredmedia":[{"embeddable":true,"href":"https:\/\/cultura.sma.gob.ar\/index.php?rest_route=\/wp\/v2\/media\/296"}],"wp:attachment":[{"href":"https:\/\/cultura.sma.gob.ar\/index.php?rest_route=%2Fwp%2Fv2%2Fmedia&parent=4778"}],"wp:term":[{"taxonomy":"category","embeddable":true,"href":"https:\/\/cultura.sma.gob.ar\/index.php?rest_route=%2Fwp%2Fv2%2Fcategories&post=4778"},{"taxonomy":"post_tag","embeddable":true,"href":"https:\/\/cultura.sma.gob.ar\/index.php?rest_route=%2Fwp%2Fv2%2Ftags&post=4778"}],"curies":[{"name":"wp","href":"https:\/\/api.w.org\/{rel}","templated":true}]}}