{"id":4773,"date":"2023-07-13T19:06:53","date_gmt":"2023-07-13T22:06:53","guid":{"rendered":"http:\/\/cultura.sma.gob.ar\/?p=4773"},"modified":"2023-07-13T19:06:53","modified_gmt":"2023-07-13T22:06:53","slug":"ciclo-risas-y-mas-risas-amigos-mios","status":"publish","type":"post","link":"https:\/\/cultura.sma.gob.ar\/?p=4773","title":{"rendered":"Ciclo \u201cRISAS Y M\u00c1S RISAS\u201d: &#8221;Amigos M\u00edos&#8221;"},"content":{"rendered":"\n<figure class=\"wp-block-image size-large\"><img loading=\"lazy\" decoding=\"async\" width=\"1024\" height=\"551\" src=\"http:\/\/cultura.sma.gob.ar\/wp-content\/uploads\/2023\/07\/image002-1024x551.jpg\" alt=\"\" class=\"wp-image-4774\" srcset=\"https:\/\/cultura.sma.gob.ar\/wp-content\/uploads\/2023\/07\/image002-1024x551.jpg 1024w, https:\/\/cultura.sma.gob.ar\/wp-content\/uploads\/2023\/07\/image002-300x162.jpg 300w, https:\/\/cultura.sma.gob.ar\/wp-content\/uploads\/2023\/07\/image002-768x413.jpg 768w, https:\/\/cultura.sma.gob.ar\/wp-content\/uploads\/2023\/07\/image002-167x90.jpg 167w, https:\/\/cultura.sma.gob.ar\/wp-content\/uploads\/2023\/07\/image002.jpg 1200w\" sizes=\"auto, (max-width: 1024px) 100vw, 1024px\" \/><\/figure>\n\n\n\n<p><strong>Ciclo de Cine&nbsp;<\/strong><strong>auspiciado por<\/strong><strong>&nbsp;<\/strong><strong>el Rotary Club de San Mart\u00edn de los Andes<\/strong><\/p>\n\n\n\n<p><strong><u>A beneficio de la Secci\u00f3n CUIDADOS PALIATIVOS<\/u><\/strong>&nbsp;<strong>del Hospital Ram\u00f3n Carrillo<\/strong><\/p>\n\n\n\n<p><strong>Mi\u00e9rcoles 19 de Julio &nbsp;20.15 hs \u2013 Sala \u201cAmankay\u201d de Cotesma<\/strong><\/p>\n\n\n\n<p><strong><u>Programaci\u00f3n y Presentaci\u00f3n:<\/u><\/strong><strong>&nbsp;Guillermo Ianniello<\/strong><\/p>\n\n\n\n<p>Ciclo&nbsp;<strong>\u201cRISAS Y M\u00c1S RISAS\u201d<\/strong><\/p>\n\n\n\n<p><strong><u>\u201cAMIGOS &nbsp;M\u00cdOS\u201d<\/u><\/strong>.&nbsp;&nbsp;&nbsp;Ugo Tognazzi \u2013 Philippe Noiret \u2013 Adolfo Celi \u2013 Bernard Blier<\/p>\n\n\n\n<p>G\u00e9nero: Comedia<\/p>\n\n\n\n<p>Direcci\u00f3n: Mario Monicelli<\/p>\n\n\n\n<p>Gui\u00f3n Original: Pietro Germi<\/p>\n\n\n\n<p>Director de Fotograf\u00eda: Luigi Kuveiller<\/p>\n\n\n\n<p>Banda Sonora: Carlo Rustichelli<\/p>\n\n\n\n<p>Idiomas: Italiano<\/p>\n\n\n\n<p>Subt\u00edtulos en espa\u00f1ol<\/p>\n\n\n\n<p>Pa\u00eds de Origen: Italia<\/p>\n\n\n\n<p>Productor: Andrea Rizzoli<\/p>\n\n\n\n<p>Estudios: Rizzoli Films<\/p>\n\n\n\n<p>Lugar de Filmaci\u00f3n: Roma y Florencia (Italia)<\/p>\n\n\n\n<p>A\u00f1o de Rodaje: 1975<\/p>\n\n\n\n<p>Premios: Mejor Pel\u00edcula \u2013 Mejor Director \u2013 Mejor Gui\u00f3n \u2013 Mejor Actor<\/p>\n\n\n\n<p>Duraci\u00f3n: 2 horas 20 minutos<\/p>\n\n\n\n<p><strong>Con un intenso mensaje vitalista y haciendo de la broma un arte, el director Mario Monicelli nos muestra a estos amigos que se pasan toda la obra burl\u00e1ndose del pr\u00f3jimo. Dejando claro que mientras se pueda, la vida es para disfrutarla, para divertirse.<br><br>Cuatro personajes principales, interpretados por cuatro actores que dan lo mejor de s\u00ed mismos en esta pel\u00edcula. Sirvi\u00e9ndose de un gui\u00f3n brillante, el humor irreverente va creciendo seg\u00fan avanza el film, sumiendo al espectador en una carcajada constante. Un humor que alcanza su momento m\u00e1s \u00e1lgido en las escenas que transcurren en el hospital.<br><br>Es una pel\u00edcula para ver m\u00e1s de una vez, para disfrutarla en compa\u00f1\u00eda y contagiarse de las risas que provocan las peripecias de estos cuatro granujas. Rebosante de optimismo e ingenio y cargada de situaciones hilarantes, es ante todo&nbsp;<u>un canto a la amistad<\/u>. Un homenaje a esos amigos que te acompa\u00f1an desde el colegio, desde la juventud y que forman parte de esa familia que uno va adoptando seg\u00fan pasan los a\u00f1os.<br><br>Una obra maestra del cine italiano, que recomiendo con \u00e9nfasis y que se transforma en inolvidable\u2026 &nbsp;<\/strong><\/p>\n\n\n\n<p>Entrada General $500.- Jubilados y Estudiantes $400.-<\/p>\n","protected":false},"excerpt":{"rendered":"<p>Ciclo de Cine&nbsp;auspiciado por&nbsp;el Rotary Club de San Mart\u00edn de los Andes A beneficio de la Secci\u00f3n CUIDADOS PALIATIVOS&nbsp;del Hospital Ram\u00f3n Carrillo Mi\u00e9rcoles 19 de Julio &nbsp;20.15 hs \u2013 Sala \u201cAmankay\u201d de Cotesma Programaci\u00f3n y Presentaci\u00f3n:&nbsp;Guillermo Ianniello Ciclo&nbsp;\u201cRISAS Y M\u00c1S RISAS\u201d \u201cAMIGOS &nbsp;M\u00cdOS\u201d.&nbsp;&nbsp;&nbsp;Ugo Tognazzi \u2013 Philippe Noiret \u2013 Adolfo Celi \u2013 Bernard Blier G\u00e9nero: Comedia Direcci\u00f3n: Mario Monicelli Gui\u00f3n Original: Pietro Germi Director de Fotograf\u00eda: &hellip; <a href=\"https:\/\/cultura.sma.gob.ar\/?p=4773\" class=\"more-link\">Continue reading <span class=\"screen-reader-text\">Ciclo \u201cRISAS Y M\u00c1S RISAS\u201d: &#8221;Amigos M\u00edos&#8221;<\/span><\/a><\/p>\n","protected":false},"author":1,"featured_media":297,"comment_status":"closed","ping_status":"","sticky":false,"template":"","format":"image","meta":{"footnotes":""},"categories":[2,9],"tags":[],"class_list":["post-4773","post","type-post","status-publish","format-image","has-post-thumbnail","hentry","category-ciudad-cultural","category-ultimas-noticias","post_format-post-format-image"],"_links":{"self":[{"href":"https:\/\/cultura.sma.gob.ar\/index.php?rest_route=\/wp\/v2\/posts\/4773","targetHints":{"allow":["GET"]}}],"collection":[{"href":"https:\/\/cultura.sma.gob.ar\/index.php?rest_route=\/wp\/v2\/posts"}],"about":[{"href":"https:\/\/cultura.sma.gob.ar\/index.php?rest_route=\/wp\/v2\/types\/post"}],"author":[{"embeddable":true,"href":"https:\/\/cultura.sma.gob.ar\/index.php?rest_route=\/wp\/v2\/users\/1"}],"replies":[{"embeddable":true,"href":"https:\/\/cultura.sma.gob.ar\/index.php?rest_route=%2Fwp%2Fv2%2Fcomments&post=4773"}],"version-history":[{"count":1,"href":"https:\/\/cultura.sma.gob.ar\/index.php?rest_route=\/wp\/v2\/posts\/4773\/revisions"}],"predecessor-version":[{"id":4775,"href":"https:\/\/cultura.sma.gob.ar\/index.php?rest_route=\/wp\/v2\/posts\/4773\/revisions\/4775"}],"wp:featuredmedia":[{"embeddable":true,"href":"https:\/\/cultura.sma.gob.ar\/index.php?rest_route=\/wp\/v2\/media\/297"}],"wp:attachment":[{"href":"https:\/\/cultura.sma.gob.ar\/index.php?rest_route=%2Fwp%2Fv2%2Fmedia&parent=4773"}],"wp:term":[{"taxonomy":"category","embeddable":true,"href":"https:\/\/cultura.sma.gob.ar\/index.php?rest_route=%2Fwp%2Fv2%2Fcategories&post=4773"},{"taxonomy":"post_tag","embeddable":true,"href":"https:\/\/cultura.sma.gob.ar\/index.php?rest_route=%2Fwp%2Fv2%2Ftags&post=4773"}],"curies":[{"name":"wp","href":"https:\/\/api.w.org\/{rel}","templated":true}]}}