{"id":4769,"date":"2023-07-12T20:20:37","date_gmt":"2023-07-12T23:20:37","guid":{"rendered":"http:\/\/cultura.sma.gob.ar\/?p=4769"},"modified":"2023-07-12T20:20:37","modified_gmt":"2023-07-12T23:20:37","slug":"charla-en-en-el-salon-salomon-labaton-sobrevivir-29-anos-despues","status":"publish","type":"post","link":"https:\/\/cultura.sma.gob.ar\/?p=4769","title":{"rendered":"Charla en en el Sal\u00f3n Salom\u00f3n Labat\u00f3n: &#8221;Sobrevivir, 29 a\u00f1os despu\u00e9s&#8221;"},"content":{"rendered":"\n<figure class=\"wp-block-image size-large\"><img loading=\"lazy\" decoding=\"async\" width=\"819\" height=\"1024\" src=\"http:\/\/cultura.sma.gob.ar\/wp-content\/uploads\/2023\/07\/Sobrevivir-819x1024.jpg\" alt=\"\" class=\"wp-image-4770\" srcset=\"https:\/\/cultura.sma.gob.ar\/wp-content\/uploads\/2023\/07\/Sobrevivir-819x1024.jpg 819w, https:\/\/cultura.sma.gob.ar\/wp-content\/uploads\/2023\/07\/Sobrevivir-240x300.jpg 240w, https:\/\/cultura.sma.gob.ar\/wp-content\/uploads\/2023\/07\/Sobrevivir-768x960.jpg 768w, https:\/\/cultura.sma.gob.ar\/wp-content\/uploads\/2023\/07\/Sobrevivir-72x90.jpg 72w, https:\/\/cultura.sma.gob.ar\/wp-content\/uploads\/2023\/07\/Sobrevivir.jpg 1125w\" sizes=\"auto, (max-width: 819px) 100vw, 819px\" \/><\/figure>\n\n\n\n<p><\/p>\n\n\n\n<p><em>En el marco de un nuevo aniversario del atentado terrorista contra la AMIA, Alejandro Mirochnik, sobreviviente del hecho terrorista, visitar\u00e1 nuestra ciudad y compartir\u00e1 una charla contando c\u00f3mo vivi\u00f3 aquella fat\u00eddica ma\u00f1ana y de qu\u00e9 manera su vida se modific\u00f3 a partir de ese momento.<\/em><\/p>\n\n\n\n<p>Alejandro Mirochnik trabajaba en el edificio de Pasteur 633 cuando el 18 de julio de 1994 se perpetr\u00f3 el atentado. Qued\u00f3 atrapado en uno de los ascensores durante cinco horas. Quien lo encontr\u00f3 y alert\u00f3 a los bomberos fue \u201cLupo\u201d, el perro de Juan Carlos Lombardi, una de las muchas personas que se presentaron espont\u00e1neamente a ayudar.<\/p>\n\n\n\n<p>Mirochnik es atleta, corre y tiene unos cuantos Ironman en su haber y despu\u00e9s de tantos a\u00f1os nos cuenta c\u00f3mo cambi\u00f3 su vida a partir de ese hecho fat\u00eddico y c\u00f3mo lo lleva a diario.<\/p>\n\n\n\n<p>El Vaad Hakehilot, en castellano Federaci\u00f3n de Comunidades Jud\u00edas de la Argentina, perteneciente a AMIA (Asociaci\u00f3n Mutual Israelita Argentina), organiza desde hace varios a\u00f1os la conferencia \u201cSobrevivir\u201d, en este caso \u201c29 a\u00f1os despu\u00e9s\u201d, recorriendo el pa\u00eds y distintas comunidades del interior de la Argentina, acercando el relato de la experiencia vivida en primera persona manteniendo vigente el pedido de MEMORIA, VERDAD Y JUSTICIA.<\/p>\n\n\n\n<p>En nuestra ciudad la charla se va a brindar en el Sal\u00f3n Salom\u00f3n Labat\u00f3n, que la Comunidad Hebrea de San Mart\u00edn de los Andes tiene en la calle Rohde 775 (al lado de Havanna)<\/p>\n\n\n\n<p>La cita es para las 18.30 Hs. donde se inaugurar\u00e1 un cuadro con la acuarela \u201cMemoria Federal\u201d del reconocido artista pl\u00e1stico \u201cPito\u201d Campos, obra que se distribuy\u00f3 en cada una de las comunidades del pa\u00eds para federalizar el pedido de justicia, 29 a\u00f1os despu\u00e9s.<\/p>\n\n\n\n<p>A las 19 Hs. Alejandro Mirochnik dar\u00e1 comienzo a su charla donde adem\u00e1s de contar su vida y su historia de superaci\u00f3n, responder\u00e1 preguntas del p\u00fablico presente. Cabe aclarar que la invitaci\u00f3n est\u00e1 abierta para la comunidad en general y es libre y gratuita.<\/p>\n\n\n\n<p>Esta charla fue declarada de inter\u00e9s municipal por el Concejo Deliberante de la ciudad a trav\u00e9s de la Declaraci\u00f3n 24\/23 del 29 de junio de 2023.<\/p>\n","protected":false},"excerpt":{"rendered":"<p>En el marco de un nuevo aniversario del atentado terrorista contra la AMIA, Alejandro Mirochnik, sobreviviente del hecho terrorista, visitar\u00e1 nuestra ciudad y compartir\u00e1 una charla contando c\u00f3mo vivi\u00f3 aquella fat\u00eddica ma\u00f1ana y de qu\u00e9 manera su vida se modific\u00f3 a partir de ese momento. Alejandro Mirochnik trabajaba en el edificio de Pasteur 633 cuando el 18 de julio de 1994 se perpetr\u00f3 el atentado. &hellip; <a href=\"https:\/\/cultura.sma.gob.ar\/?p=4769\" class=\"more-link\">Continue reading <span class=\"screen-reader-text\">Charla en en el Sal\u00f3n Salom\u00f3n Labat\u00f3n: &#8221;Sobrevivir, 29 a\u00f1os despu\u00e9s&#8221;<\/span><\/a><\/p>\n","protected":false},"author":1,"featured_media":297,"comment_status":"closed","ping_status":"","sticky":false,"template":"","format":"image","meta":{"footnotes":""},"categories":[2,9],"tags":[],"class_list":["post-4769","post","type-post","status-publish","format-image","has-post-thumbnail","hentry","category-ciudad-cultural","category-ultimas-noticias","post_format-post-format-image"],"_links":{"self":[{"href":"https:\/\/cultura.sma.gob.ar\/index.php?rest_route=\/wp\/v2\/posts\/4769","targetHints":{"allow":["GET"]}}],"collection":[{"href":"https:\/\/cultura.sma.gob.ar\/index.php?rest_route=\/wp\/v2\/posts"}],"about":[{"href":"https:\/\/cultura.sma.gob.ar\/index.php?rest_route=\/wp\/v2\/types\/post"}],"author":[{"embeddable":true,"href":"https:\/\/cultura.sma.gob.ar\/index.php?rest_route=\/wp\/v2\/users\/1"}],"replies":[{"embeddable":true,"href":"https:\/\/cultura.sma.gob.ar\/index.php?rest_route=%2Fwp%2Fv2%2Fcomments&post=4769"}],"version-history":[{"count":1,"href":"https:\/\/cultura.sma.gob.ar\/index.php?rest_route=\/wp\/v2\/posts\/4769\/revisions"}],"predecessor-version":[{"id":4771,"href":"https:\/\/cultura.sma.gob.ar\/index.php?rest_route=\/wp\/v2\/posts\/4769\/revisions\/4771"}],"wp:featuredmedia":[{"embeddable":true,"href":"https:\/\/cultura.sma.gob.ar\/index.php?rest_route=\/wp\/v2\/media\/297"}],"wp:attachment":[{"href":"https:\/\/cultura.sma.gob.ar\/index.php?rest_route=%2Fwp%2Fv2%2Fmedia&parent=4769"}],"wp:term":[{"taxonomy":"category","embeddable":true,"href":"https:\/\/cultura.sma.gob.ar\/index.php?rest_route=%2Fwp%2Fv2%2Fcategories&post=4769"},{"taxonomy":"post_tag","embeddable":true,"href":"https:\/\/cultura.sma.gob.ar\/index.php?rest_route=%2Fwp%2Fv2%2Ftags&post=4769"}],"curies":[{"name":"wp","href":"https:\/\/api.w.org\/{rel}","templated":true}]}}