{"id":4754,"date":"2023-07-03T20:49:01","date_gmt":"2023-07-03T23:49:01","guid":{"rendered":"http:\/\/cultura.sma.gob.ar\/?p=4754"},"modified":"2023-07-03T20:49:01","modified_gmt":"2023-07-03T23:49:01","slug":"mandinga-abre-las-vacaciones-de-invierno-en-la-sala-amankay","status":"publish","type":"post","link":"https:\/\/cultura.sma.gob.ar\/?p=4754","title":{"rendered":"Mandinga abre las vacaciones de invierno en la Sala Amankay"},"content":{"rendered":"\n\n\n<p>El pr\u00f3ximo s\u00e1bado, 08 de julio a las 21hs, en la Sala Amankay, &#8220;MANDINGA&#8221; presenta en otro imperdible Concierto, la M\u00fasica de Astor Piazzolla.<\/p>\n\n\n\n<p>Despu\u00e9s de su paso por el Encuentro Internacional de Quenistas en Per\u00fa y de su participaci\u00f3n virtual con Cuba, desembarcan en nuestra sala.<\/p>\n\n\n\n<p>Rese\u00f1a musical:<br>Proyecto Mandinga 2023 es un trabajo dedicado a recrear la obra de Astor Piazzolla. Actualmente integran el proyecto Fernando Formigo en quena, Federico Piterbarg en guitarra y Agust\u00edn Lagos en contrabajo (todos docentes de la Escuela Superior de M\u00fasica San Mart\u00edn de los Andes), abordamos un repertorio la m\u00fasica del Maestro Astor Piazzolla, y de este \u00faltimo piezas con poca difusi\u00f3n. Trabajamos en empoderar la quena americana, la guitarra y el contrabajo, maravillosos instrumentos, llev\u00e1ndolos a un desarrollo t\u00e9cnico y expresivo incorporando improvisaciones en este g\u00e9nero.<br>&nbsp;<\/p>\n\n\n\n<p>Con la formaci\u00f3n anterior junto a Sebasti\u00e1n Cenzano en piano (2018-2022) hemos realizado varias presentaciones en la zona, dejando nuestra impronta, fuimos convocados para representar a Argentina en el:<br>-Festival Internacional de Flautas del Mundo en Mendoza septiembre 2019, becados por el Fondo Nacional de las Artes<br>-XII Encuentro Internacional de Quenistas, virtual 2020 Lima-Per\u00fa.<br>-XIII Encuentro Internacional de Quenistas, virtual 2021 Lima-Per\u00fa.<br>-En el 2021 fuimos seleccionados por el Ministerio de Cultura de la Naci\u00f3n dentro del programa M\u00fasica Argentina para el Mundo.<br><br>Adem\u00e1s, hemos realizado dos videos con el apoyo del INAMU (instituto nacional de la m\u00fasica) se pueden ver en nuestro canal de youtube:&nbsp;<a href=\"https:\/\/correo.smandes.gov.ar\/owa\/redir.aspx?C=8eb2ac2eeaad4eddb20abe24bec50aad&amp;URL=https%3a%2f%2fwww.youtube.com%2fchannel%2fUC_E-OuF8HtlHCd_XuVVZKmw\" target=\"_blank\" rel=\"noreferrer noopener\">https:\/\/www.youtube.com\/channel\/UC_E-OuF8HtlHCd_XuVVZKmw<\/a>&nbsp;<\/p>\n\n\n\n<p>Con esta nueva formaci\u00f3n 2023 realizamos gira por:<br>\u00b7&nbsp;Ciclo ConCierto Maestro Jun\u00edn de los Andes mayo 2023organizado por el &#8211; Ministerio de las Culturas de Neuqu\u00e9n.<br>\u00b7&nbsp;Ciclo ConCierto Maestro Zapala 2023 organizado por el Ministerio de las Culturas de Neuqu\u00e9n.<br>\u00b7&nbsp;Lima-Per\u00fa Encuentro Internacional de Quenistas organizado por la Universidad Ricardo Palma 21 al 23 de junio 2023.<br>\u00b7&nbsp;Link de audio:&nbsp;<a href=\"https:\/\/correo.smandes.gov.ar\/owa\/redir.aspx?C=8eb2ac2eeaad4eddb20abe24bec50aad&amp;URL=https%3a%2f%2fyoutu.be%2fwk6os54LpJw\" target=\"_blank\" rel=\"noreferrer noopener\">https:\/\/youtu.be\/wk6os54LpJw<\/a>&nbsp;<\/p>\n\n\n\n<p>Entradas Anticipadas $2.500.- El mismo d\u00eda $3.000<\/p>\n\n\n\n<p>En venta en la boleteria del Centro Cultural Cotesma.<\/p>\n\n\n\n<p>Mandinga en las redes sociales y plataformas digitales:<br>Facebook:&nbsp;<a href=\"https:\/\/correo.smandes.gov.ar\/owa\/redir.aspx?C=8eb2ac2eeaad4eddb20abe24bec50aad&amp;URL=https%3a%2f%2fwww.facebook.com%2fMandingaproyect\" target=\"_blank\" rel=\"noreferrer noopener\">https:\/\/www.facebook.com\/Mandingaproyect<\/a><br>Instagram:&nbsp;<a href=\"https:\/\/correo.smandes.gov.ar\/owa\/redir.aspx?C=8eb2ac2eeaad4eddb20abe24bec50aad&amp;URL=https%3a%2f%2fwww.instagram.com%2fmandinga_sma\" target=\"_blank\" rel=\"noreferrer noopener\">https:\/\/www.instagram.com\/mandinga_sma<\/a><br>Spotify: https:\/\/open.spotify.com\/album\/6AhjiE4tCp3RewJxuA3umD?si=49dgUoAPTD WtTxPGRqAVww&nbsp;<\/p>\n\n\n\n<p>Contacto:<br>Fernando +54 9 2944347854&nbsp;<a href=\"https:\/\/correo.smandes.gov.ar\/owa\/redir.aspx?C=8eb2ac2eeaad4eddb20abe24bec50aad&amp;URL=mailto%3aantumusica%40smandes.com.ar\">antumusica@smandes.com.ar<\/a><br>Federico +54 9 2944 612956&nbsp;<a href=\"https:\/\/correo.smandes.gov.ar\/owa\/redir.aspx?C=8eb2ac2eeaad4eddb20abe24bec50aad&amp;URL=mailto%3afedepiterbarg%40gmail.com\">fedepiterbarg@gmail.com<\/a>&nbsp;<\/p>\n","protected":false},"excerpt":{"rendered":"<p>El pr\u00f3ximo s\u00e1bado, 08 de julio a las 21hs, en la Sala Amankay, &#8220;MANDINGA&#8221; presenta en otro imperdible Concierto, la M\u00fasica de Astor Piazzolla. Despu\u00e9s de su paso por el Encuentro Internacional de Quenistas en Per\u00fa y de su participaci\u00f3n virtual con Cuba, desembarcan en nuestra sala. Rese\u00f1a musical:Proyecto Mandinga 2023 es un trabajo dedicado a recrear la obra de Astor Piazzolla. Actualmente integran el &hellip; <a href=\"https:\/\/cultura.sma.gob.ar\/?p=4754\" class=\"more-link\">Continue reading <span class=\"screen-reader-text\">Mandinga abre las vacaciones de invierno en la Sala Amankay<\/span><\/a><\/p>\n","protected":false},"author":1,"featured_media":297,"comment_status":"closed","ping_status":"","sticky":false,"template":"","format":"image","meta":{"footnotes":""},"categories":[2,9],"tags":[],"class_list":["post-4754","post","type-post","status-publish","format-image","has-post-thumbnail","hentry","category-ciudad-cultural","category-ultimas-noticias","post_format-post-format-image"],"_links":{"self":[{"href":"https:\/\/cultura.sma.gob.ar\/index.php?rest_route=\/wp\/v2\/posts\/4754","targetHints":{"allow":["GET"]}}],"collection":[{"href":"https:\/\/cultura.sma.gob.ar\/index.php?rest_route=\/wp\/v2\/posts"}],"about":[{"href":"https:\/\/cultura.sma.gob.ar\/index.php?rest_route=\/wp\/v2\/types\/post"}],"author":[{"embeddable":true,"href":"https:\/\/cultura.sma.gob.ar\/index.php?rest_route=\/wp\/v2\/users\/1"}],"replies":[{"embeddable":true,"href":"https:\/\/cultura.sma.gob.ar\/index.php?rest_route=%2Fwp%2Fv2%2Fcomments&post=4754"}],"version-history":[{"count":1,"href":"https:\/\/cultura.sma.gob.ar\/index.php?rest_route=\/wp\/v2\/posts\/4754\/revisions"}],"predecessor-version":[{"id":4755,"href":"https:\/\/cultura.sma.gob.ar\/index.php?rest_route=\/wp\/v2\/posts\/4754\/revisions\/4755"}],"wp:featuredmedia":[{"embeddable":true,"href":"https:\/\/cultura.sma.gob.ar\/index.php?rest_route=\/wp\/v2\/media\/297"}],"wp:attachment":[{"href":"https:\/\/cultura.sma.gob.ar\/index.php?rest_route=%2Fwp%2Fv2%2Fmedia&parent=4754"}],"wp:term":[{"taxonomy":"category","embeddable":true,"href":"https:\/\/cultura.sma.gob.ar\/index.php?rest_route=%2Fwp%2Fv2%2Fcategories&post=4754"},{"taxonomy":"post_tag","embeddable":true,"href":"https:\/\/cultura.sma.gob.ar\/index.php?rest_route=%2Fwp%2Fv2%2Ftags&post=4754"}],"curies":[{"name":"wp","href":"https:\/\/api.w.org\/{rel}","templated":true}]}}