{"id":4749,"date":"2023-07-03T10:00:52","date_gmt":"2023-07-03T13:00:52","guid":{"rendered":"http:\/\/cultura.sma.gob.ar\/?p=4749"},"modified":"2023-07-03T21:18:31","modified_gmt":"2023-07-04T00:18:31","slug":"feria-regional-del-libro-esta-abierta-la-convocatoria-para-presentaciones-de-libros-y-actividades","status":"publish","type":"post","link":"https:\/\/cultura.sma.gob.ar\/?p=4749","title":{"rendered":"Feria Regional del Libro: est\u00e1 abierta la convocatoria para presentaciones de libros y actividades"},"content":{"rendered":"\n<figure class=\"wp-block-image size-large\"><img loading=\"lazy\" decoding=\"async\" width=\"1024\" height=\"684\" src=\"http:\/\/cultura.sma.gob.ar\/wp-content\/uploads\/2023\/07\/presentaciones-de-libro-y-actividades-1024x684.jpg\" alt=\"\" class=\"wp-image-4750\" srcset=\"https:\/\/cultura.sma.gob.ar\/wp-content\/uploads\/2023\/07\/presentaciones-de-libro-y-actividades-1024x684.jpg 1024w, https:\/\/cultura.sma.gob.ar\/wp-content\/uploads\/2023\/07\/presentaciones-de-libro-y-actividades-300x200.jpg 300w, https:\/\/cultura.sma.gob.ar\/wp-content\/uploads\/2023\/07\/presentaciones-de-libro-y-actividades-768x513.jpg 768w, https:\/\/cultura.sma.gob.ar\/wp-content\/uploads\/2023\/07\/presentaciones-de-libro-y-actividades-1536x1025.jpg 1536w, https:\/\/cultura.sma.gob.ar\/wp-content\/uploads\/2023\/07\/presentaciones-de-libro-y-actividades-135x90.jpg 135w, https:\/\/cultura.sma.gob.ar\/wp-content\/uploads\/2023\/07\/presentaciones-de-libro-y-actividades.jpg 1600w\" sizes=\"auto, (max-width: 1024px) 100vw, 1024px\" \/><\/figure>\n\n\n\n<p><\/p>\n\n\n\n<p>La 17\u00aa Feria Regional del Libro, que se realizar\u00e1 en San Mart\u00edn de los Andes desde el s\u00e1bado 7 hasta el s\u00e1bado 14 de octubre,&nbsp;abre su convocatoria para presentar solicitudes de presentaciones de libros y actividades.<\/p>\n\n\n\n<p>La convocatoria estar\u00e1 abierta hasta el domingo 13 de agosto inclusive. <\/p>\n\n\n\n<p><strong><a href=\"https:\/\/drive.google.com\/file\/d\/1cKfXSiPx7bYZOF5UOj_9OEZ9yDoQroXn\/view?usp=drive_link\">Se requiere leer las&nbsp;bases y condiciones<\/a><\/strong>&nbsp;antes de realizar las solicitudes mediante los siguientes formularios:<\/p>\n\n\n\n<p><strong><a href=\"https:\/\/docs.google.com\/forms\/d\/1QgtMDsQEVTgJI_EsbxxWedpneUrmCp9Ql1JQtuEQbFM\/viewform?edit_requested=true\">Formulario 2: Solicitud de presentaciones de libros<\/a><\/strong><\/p>\n\n\n\n<p><strong><a href=\"https:\/\/docs.google.com\/forms\/d\/1CQH2k9gbye0PyC50Wdn6wZKs3iij3UNZQizR-3tA-74\/edit\">Formulario 3: Solicitud de actividades<\/a><\/strong><\/p>\n\n\n\n<p>Por consultas, escribir a feriadellibro@smandes.gob.ar o llamar a la Secretar\u00eda de Cultura al (02972) 424-804, de 8 a 15 hs.<\/p>\n","protected":false},"excerpt":{"rendered":"<p>La 17\u00aa Feria Regional del Libro, que se realizar\u00e1 en San Mart\u00edn de los Andes desde el s\u00e1bado 7 hasta el s\u00e1bado 14 de octubre,&nbsp;abre su convocatoria para presentar solicitudes de presentaciones de libros y actividades. La convocatoria estar\u00e1 abierta hasta el domingo 13 de agosto inclusive. Se requiere leer las&nbsp;bases y condiciones&nbsp;antes de realizar las solicitudes mediante los siguientes formularios: Formulario 2: Solicitud de &hellip; <a href=\"https:\/\/cultura.sma.gob.ar\/?p=4749\" class=\"more-link\">Continue reading <span class=\"screen-reader-text\">Feria Regional del Libro: est\u00e1 abierta la convocatoria para presentaciones de libros y actividades<\/span><\/a><\/p>\n","protected":false},"author":1,"featured_media":296,"comment_status":"closed","ping_status":"","sticky":false,"template":"","format":"image","meta":{"footnotes":""},"categories":[3,9],"tags":[],"class_list":["post-4749","post","type-post","status-publish","format-image","has-post-thumbnail","hentry","category-eventos-cultura","category-ultimas-noticias","post_format-post-format-image"],"_links":{"self":[{"href":"https:\/\/cultura.sma.gob.ar\/index.php?rest_route=\/wp\/v2\/posts\/4749","targetHints":{"allow":["GET"]}}],"collection":[{"href":"https:\/\/cultura.sma.gob.ar\/index.php?rest_route=\/wp\/v2\/posts"}],"about":[{"href":"https:\/\/cultura.sma.gob.ar\/index.php?rest_route=\/wp\/v2\/types\/post"}],"author":[{"embeddable":true,"href":"https:\/\/cultura.sma.gob.ar\/index.php?rest_route=\/wp\/v2\/users\/1"}],"replies":[{"embeddable":true,"href":"https:\/\/cultura.sma.gob.ar\/index.php?rest_route=%2Fwp%2Fv2%2Fcomments&post=4749"}],"version-history":[{"count":2,"href":"https:\/\/cultura.sma.gob.ar\/index.php?rest_route=\/wp\/v2\/posts\/4749\/revisions"}],"predecessor-version":[{"id":4757,"href":"https:\/\/cultura.sma.gob.ar\/index.php?rest_route=\/wp\/v2\/posts\/4749\/revisions\/4757"}],"wp:featuredmedia":[{"embeddable":true,"href":"https:\/\/cultura.sma.gob.ar\/index.php?rest_route=\/wp\/v2\/media\/296"}],"wp:attachment":[{"href":"https:\/\/cultura.sma.gob.ar\/index.php?rest_route=%2Fwp%2Fv2%2Fmedia&parent=4749"}],"wp:term":[{"taxonomy":"category","embeddable":true,"href":"https:\/\/cultura.sma.gob.ar\/index.php?rest_route=%2Fwp%2Fv2%2Fcategories&post=4749"},{"taxonomy":"post_tag","embeddable":true,"href":"https:\/\/cultura.sma.gob.ar\/index.php?rest_route=%2Fwp%2Fv2%2Ftags&post=4749"}],"curies":[{"name":"wp","href":"https:\/\/api.w.org\/{rel}","templated":true}]}}