{"id":4746,"date":"2023-06-27T21:58:32","date_gmt":"2023-06-28T00:58:32","guid":{"rendered":"http:\/\/cultura.sma.gob.ar\/?p=4746"},"modified":"2023-06-27T21:58:32","modified_gmt":"2023-06-28T00:58:32","slug":"llega-una-nueva-propuesta-expositiva-sanmartinense-a-la-sala-municipal-de-exposiciones-lidaura-chapitel","status":"publish","type":"post","link":"https:\/\/cultura.sma.gob.ar\/?p=4746","title":{"rendered":"Llega una nueva propuesta expositiva sanmartinense a la Sala Municipal de Exposiciones Lidaura Chapitel"},"content":{"rendered":"\n<figure class=\"wp-block-image size-large\"><img decoding=\"async\" src=\"https:\/\/scontent.fcpc1-1.fna.fbcdn.net\/v\/t39.30808-6\/356658413_6329823897101541_3633913980121244588_n.jpg?stp=dst-jpg_p480x480&amp;_nc_cat=102&amp;ccb=1-7&amp;_nc_sid=730e14&amp;_nc_eui2=AeE027ctxDtBSko77HtebTsOewJaqcS5EPB7AlqpxLkQ8G4ylkYsKYeEkYtQOYTtOZmenaG_hfO4xmgO_3-SFYEr&amp;_nc_ohc=9WiTvVbFkh0AX_gFeFB&amp;_nc_ht=scontent.fcpc1-1.fna&amp;oh=00_AfDSfpq_WIWMoVAwS5vOQnt9FI8S01eoON-pRisXopT-4w&amp;oe=64A12DB3\"\/><\/figure>\n\n\n\n<p>El viernes 30 de junio a las 20 hs inaugurar\u00e1n estas tres muestras imperdibles:<\/p>\n\n\n\n<p> PATAGONIA INFINITA de Gustavo Castaing (fotograf\u00eda): Explora la esencia del terreno quedando atrapado por la perpetuidad del universo inh\u00f3spito y melanc\u00f3lico de su geograf\u00eda.<\/p>\n\n\n\n<p>SIN T\u00cdTULO de Lautaro Cort\u00e9s Murgu\u00eda (fotograf\u00eda): Escenas cotidianas, im\u00e1genes y momentos encontrados en el andar, azarosamente, pero que a trav\u00e9s de la mirada del artista se vuelven escenogr\u00e1ficas, fotogramas de una pel\u00edcula, autorreflexivas y contemplativas.<\/p>\n\n\n\n<p>EN LA QUIETUD de Andrea Cosentino (instalaci\u00f3n): Nos pregunta \u00bfQu\u00e9 es exactamente un refugio?\u00bfQu\u00e9 convierte un espacio o un tiempo en un hogar habitable? La invitaci\u00f3n es a atravesar y a quedarse, a investigar y a habitar, y tal vez a descifrar cual es el momento en que el refugio se puede volver una prisi\u00f3n.<\/p>\n\n\n\n<p>Las muestras podr\u00e1n visitarse en la sala Chapitel hasta el 20 de julio, de lunes a viernes de 10 a 12 y de 16 a 20, s\u00e1bado de 16 a 20 hs. en Capit\u00e1n Drury 665, con entrada libre y gratuita.<\/p>\n\n\n\n<figure class=\"wp-block-image size-large\"><img decoding=\"async\" src=\"https:\/\/scontent.fcpc1-1.fna.fbcdn.net\/v\/t39.30808-6\/356150780_6329823807101550_6993478324263904754_n.jpg?_nc_cat=105&amp;ccb=1-7&amp;_nc_sid=730e14&amp;_nc_eui2=AeEiTMkTE8TUSSxjMrScJxNjKnHPHJKENcMqcc8ckoQ1wzDlGx_tobglD3nxuRpH-B-Wxbb1Yy3jIPD7i9QXNLDg&amp;_nc_ohc=f_tGlOd4RFcAX_0fa45&amp;_nc_ht=scontent.fcpc1-1.fna&amp;oh=00_AfCJHPXDf1xR3q8tb4MueRoTjPW-eCHrnfXju6A31dkFiQ&amp;oe=64A0AC8F\"\/><\/figure>\n\n\n\n<figure class=\"wp-block-image size-large\"><img decoding=\"async\" src=\"https:\/\/scontent.fcpc1-1.fna.fbcdn.net\/v\/t39.30808-6\/356433310_6329823783768219_2538972886604663915_n.jpg?_nc_cat=106&amp;ccb=1-7&amp;_nc_sid=730e14&amp;_nc_eui2=AeHDDqTE-Cg2MKSwVIQhWl36hvGBs2Rrb3uG8YGzZGtve6oYCE4mWgoZSSk961QN17iJ5YUhg1n0uCaTf6tktGid&amp;_nc_ohc=6J37_0ruwaUAX_mbC9r&amp;_nc_ht=scontent.fcpc1-1.fna&amp;oh=00_AfApg422jcP9mAgFPkgE8CRZIsidMJduaEElaV83mW5rRw&amp;oe=64A0A63F\"\/><\/figure>\n\n\n","protected":false},"excerpt":{"rendered":"<p>El viernes 30 de junio a las 20 hs inaugurar\u00e1n estas tres muestras imperdibles: PATAGONIA INFINITA de Gustavo Castaing (fotograf\u00eda): Explora la esencia del terreno quedando atrapado por la perpetuidad del universo inh\u00f3spito y melanc\u00f3lico de su geograf\u00eda. SIN T\u00cdTULO de Lautaro Cort\u00e9s Murgu\u00eda (fotograf\u00eda): Escenas cotidianas, im\u00e1genes y momentos encontrados en el andar, azarosamente, pero que a trav\u00e9s de la mirada del artista se &hellip; <a href=\"https:\/\/cultura.sma.gob.ar\/?p=4746\" class=\"more-link\">Continue reading <span class=\"screen-reader-text\">Llega una nueva propuesta expositiva sanmartinense a la Sala Municipal de Exposiciones Lidaura Chapitel<\/span><\/a><\/p>\n","protected":false},"author":1,"featured_media":295,"comment_status":"closed","ping_status":"","sticky":false,"template":"","format":"image","meta":{"footnotes":""},"categories":[6,9],"tags":[],"class_list":["post-4746","post","type-post","status-publish","format-image","has-post-thumbnail","hentry","category-sala-lidaura-chapitel","category-ultimas-noticias","post_format-post-format-image"],"_links":{"self":[{"href":"https:\/\/cultura.sma.gob.ar\/index.php?rest_route=\/wp\/v2\/posts\/4746","targetHints":{"allow":["GET"]}}],"collection":[{"href":"https:\/\/cultura.sma.gob.ar\/index.php?rest_route=\/wp\/v2\/posts"}],"about":[{"href":"https:\/\/cultura.sma.gob.ar\/index.php?rest_route=\/wp\/v2\/types\/post"}],"author":[{"embeddable":true,"href":"https:\/\/cultura.sma.gob.ar\/index.php?rest_route=\/wp\/v2\/users\/1"}],"replies":[{"embeddable":true,"href":"https:\/\/cultura.sma.gob.ar\/index.php?rest_route=%2Fwp%2Fv2%2Fcomments&post=4746"}],"version-history":[{"count":1,"href":"https:\/\/cultura.sma.gob.ar\/index.php?rest_route=\/wp\/v2\/posts\/4746\/revisions"}],"predecessor-version":[{"id":4747,"href":"https:\/\/cultura.sma.gob.ar\/index.php?rest_route=\/wp\/v2\/posts\/4746\/revisions\/4747"}],"wp:featuredmedia":[{"embeddable":true,"href":"https:\/\/cultura.sma.gob.ar\/index.php?rest_route=\/wp\/v2\/media\/295"}],"wp:attachment":[{"href":"https:\/\/cultura.sma.gob.ar\/index.php?rest_route=%2Fwp%2Fv2%2Fmedia&parent=4746"}],"wp:term":[{"taxonomy":"category","embeddable":true,"href":"https:\/\/cultura.sma.gob.ar\/index.php?rest_route=%2Fwp%2Fv2%2Fcategories&post=4746"},{"taxonomy":"post_tag","embeddable":true,"href":"https:\/\/cultura.sma.gob.ar\/index.php?rest_route=%2Fwp%2Fv2%2Ftags&post=4746"}],"curies":[{"name":"wp","href":"https:\/\/api.w.org\/{rel}","templated":true}]}}