{"id":4731,"date":"2023-06-07T11:29:16","date_gmt":"2023-06-07T14:29:16","guid":{"rendered":"http:\/\/cultura.sma.gob.ar\/?p=4731"},"modified":"2023-06-07T11:29:16","modified_gmt":"2023-06-07T14:29:16","slug":"el-ultimo-otono-en-el-centro-cultural-cotesma","status":"publish","type":"post","link":"https:\/\/cultura.sma.gob.ar\/?p=4731","title":{"rendered":"&#8221;El \u00faltimo oto\u00f1o&#8221;, en el Centro Cultural Cotesma"},"content":{"rendered":"\n<figure class=\"wp-block-image size-large\"><img decoding=\"async\" src=\"https:\/\/ccc.cotesma.com.ar\/web\/image\/80886\/cfc9c6d7-ca54-41c5-8908-7f9582292cb1.jfif\" alt=\"\"\/><\/figure>\n\n\n\n<p>Ram\u00f3n viaja con su familia a la casa de su infancia en San Mart\u00edn de los Andes por el cumplea\u00f1os de su madre. Cuando est\u00e1n por volver reciben una noticia que cambia los planes. El oto\u00f1o va perdiendo sus hojas, ya no queda tiempo.<\/p>\n\n\n\n<h6 class=\"wp-block-heading\">SALA AUDITORIO| 20:15 hs |\u00a02D &#8211; Castellano<\/h6>\n\n\n\n<h6 class=\"wp-block-heading\"><strong>Del Jueves 08 de Junio al Mi\u00e9rcoles 14 de Junio.<\/strong><\/h6>\n\n\n\n<h6 class=\"wp-block-heading\"><strong>Apta para mayores de 13 a\u00f1os.<\/strong><\/h6>\n\n\n\n<h6 class=\"wp-block-heading\">Entrada general $200.-<\/h6>\n\n\n\n<h6 class=\"wp-block-heading\">Jubilados y estudiantes $100.-<\/h6>\n\n\n\n<h6 class=\"wp-block-heading\"><\/h6>\n","protected":false},"excerpt":{"rendered":"<p>Ram\u00f3n viaja con su familia a la casa de su infancia en San Mart\u00edn de los Andes por el cumplea\u00f1os de su madre. Cuando est\u00e1n por volver reciben una noticia que cambia los planes. El oto\u00f1o va perdiendo sus hojas, ya no queda tiempo. SALA AUDITORIO| 20:15 hs |\u00a02D &#8211; Castellano Del Jueves 08 de Junio al Mi\u00e9rcoles 14 de Junio. Apta para mayores de &hellip; <a href=\"https:\/\/cultura.sma.gob.ar\/?p=4731\" class=\"more-link\">Continue reading <span class=\"screen-reader-text\">&#8221;El \u00faltimo oto\u00f1o&#8221;, en el Centro Cultural Cotesma<\/span><\/a><\/p>\n","protected":false},"author":1,"featured_media":297,"comment_status":"closed","ping_status":"","sticky":false,"template":"","format":"image","meta":{"footnotes":""},"categories":[2,9],"tags":[],"class_list":["post-4731","post","type-post","status-publish","format-image","has-post-thumbnail","hentry","category-ciudad-cultural","category-ultimas-noticias","post_format-post-format-image"],"_links":{"self":[{"href":"https:\/\/cultura.sma.gob.ar\/index.php?rest_route=\/wp\/v2\/posts\/4731","targetHints":{"allow":["GET"]}}],"collection":[{"href":"https:\/\/cultura.sma.gob.ar\/index.php?rest_route=\/wp\/v2\/posts"}],"about":[{"href":"https:\/\/cultura.sma.gob.ar\/index.php?rest_route=\/wp\/v2\/types\/post"}],"author":[{"embeddable":true,"href":"https:\/\/cultura.sma.gob.ar\/index.php?rest_route=\/wp\/v2\/users\/1"}],"replies":[{"embeddable":true,"href":"https:\/\/cultura.sma.gob.ar\/index.php?rest_route=%2Fwp%2Fv2%2Fcomments&post=4731"}],"version-history":[{"count":1,"href":"https:\/\/cultura.sma.gob.ar\/index.php?rest_route=\/wp\/v2\/posts\/4731\/revisions"}],"predecessor-version":[{"id":4732,"href":"https:\/\/cultura.sma.gob.ar\/index.php?rest_route=\/wp\/v2\/posts\/4731\/revisions\/4732"}],"wp:featuredmedia":[{"embeddable":true,"href":"https:\/\/cultura.sma.gob.ar\/index.php?rest_route=\/wp\/v2\/media\/297"}],"wp:attachment":[{"href":"https:\/\/cultura.sma.gob.ar\/index.php?rest_route=%2Fwp%2Fv2%2Fmedia&parent=4731"}],"wp:term":[{"taxonomy":"category","embeddable":true,"href":"https:\/\/cultura.sma.gob.ar\/index.php?rest_route=%2Fwp%2Fv2%2Fcategories&post=4731"},{"taxonomy":"post_tag","embeddable":true,"href":"https:\/\/cultura.sma.gob.ar\/index.php?rest_route=%2Fwp%2Fv2%2Ftags&post=4731"}],"curies":[{"name":"wp","href":"https:\/\/api.w.org\/{rel}","templated":true}]}}