{"id":4724,"date":"2023-06-07T09:59:55","date_gmt":"2023-06-07T12:59:55","guid":{"rendered":"http:\/\/cultura.sma.gob.ar\/?p=4724"},"modified":"2023-06-07T09:59:55","modified_gmt":"2023-06-07T12:59:55","slug":"festival-de-clarinetes-vientos-de-la-patagonia","status":"publish","type":"post","link":"https:\/\/cultura.sma.gob.ar\/?p=4724","title":{"rendered":"&#8220;Festival de Clarinetes: Vientos de la Patagonia&#8221;"},"content":{"rendered":"\n\n\n<p>&#8220;VIENTOS DE LA PATAGONIA&nbsp;<\/p>\n\n\n\n<p>\u00a1\u00a1Un concierto de clarinetes, saxos y otros invitados que no pueden perderse!! \u00a1\u00a1M\u00fasicos de SMA, Villa la Angostura y Bariloche a todo ritmo!!&nbsp;<\/p>\n\n\n\n<p>Presentaci\u00f3n a beneficio del VII Festival de clarinetes andino patag\u00f3nico&nbsp;<\/p>\n\n\n\n<p>Domingo 11 de junio- 20 hs&nbsp;<\/p>\n\n\n\n<p>Sala Amancay&nbsp;<\/p>\n\n\n\n<p>Centro Cultural Cotesma&nbsp;<\/p>\n\n\n\n<p>Entradas anticipadas: $1300.-<br>Mismo d\u00eda en puerta $1800.-&nbsp;<\/p>\n\n\n\n<p>&nbsp;Coro de Clarinetes Andino Patag\u00f3nico integrado por: Moira Nitzsche- Sebasti\u00e1n Drach- Ricardo &#8220;Dicky&#8221; Powell-&nbsp; Amelia Saftich&nbsp;<\/p>\n\n\n\n<p>* ZixSax:&nbsp; Hern\u00e1n Bidegain, Fede Piterbarg, Franco Mattighuello, Mart\u00edn Mi\u00f1o, Alejandro Galarza, Mateo Cordob\u00e9s&nbsp;<\/p>\n\n\n\n<p>* Gypsy:&nbsp; Seba Jara, Seba Lejarraga y Agust\u00edn Lagos Mansilla&nbsp;<\/p>\n\n\n\n<p>* Leidis en Concierto: Lorena Matus (voz), Marcela Falloni (piano y composiciones musicales), Amelia Saftich (clarinete y letras)&nbsp;<\/p>\n\n\n\n<p>Invitados:&nbsp; Gabriel Stecher en flauta traversa y Antonella Maraboli en piano. Agradecimiento a Maggie Romero por el flyer y a Gustavo Arias @gusariase por la hermosa foto compartida&nbsp;<\/p>\n\n\n\n<p>Organizan: Amelia Saftich- Sebasti\u00e1n Drach- Moira Nitzsche&#8221;&nbsp;<\/p>\n","protected":false},"excerpt":{"rendered":"<p>&#8220;VIENTOS DE LA PATAGONIA&nbsp; \u00a1\u00a1Un concierto de clarinetes, saxos y otros invitados que no pueden perderse!! \u00a1\u00a1M\u00fasicos de SMA, Villa la Angostura y Bariloche a todo ritmo!!&nbsp; Presentaci\u00f3n a beneficio del VII Festival de clarinetes andino patag\u00f3nico&nbsp; Domingo 11 de junio- 20 hs&nbsp; Sala Amancay&nbsp; Centro Cultural Cotesma&nbsp; Entradas anticipadas: $1300.-Mismo d\u00eda en puerta $1800.-&nbsp; &nbsp;Coro de Clarinetes Andino Patag\u00f3nico integrado por: Moira Nitzsche- Sebasti\u00e1n &hellip; <a href=\"https:\/\/cultura.sma.gob.ar\/?p=4724\" class=\"more-link\">Continue reading <span class=\"screen-reader-text\">&#8220;Festival de Clarinetes: Vientos de la Patagonia&#8221;<\/span><\/a><\/p>\n","protected":false},"author":1,"featured_media":297,"comment_status":"closed","ping_status":"","sticky":false,"template":"","format":"image","meta":{"footnotes":""},"categories":[2,9],"tags":[],"class_list":["post-4724","post","type-post","status-publish","format-image","has-post-thumbnail","hentry","category-ciudad-cultural","category-ultimas-noticias","post_format-post-format-image"],"_links":{"self":[{"href":"https:\/\/cultura.sma.gob.ar\/index.php?rest_route=\/wp\/v2\/posts\/4724","targetHints":{"allow":["GET"]}}],"collection":[{"href":"https:\/\/cultura.sma.gob.ar\/index.php?rest_route=\/wp\/v2\/posts"}],"about":[{"href":"https:\/\/cultura.sma.gob.ar\/index.php?rest_route=\/wp\/v2\/types\/post"}],"author":[{"embeddable":true,"href":"https:\/\/cultura.sma.gob.ar\/index.php?rest_route=\/wp\/v2\/users\/1"}],"replies":[{"embeddable":true,"href":"https:\/\/cultura.sma.gob.ar\/index.php?rest_route=%2Fwp%2Fv2%2Fcomments&post=4724"}],"version-history":[{"count":1,"href":"https:\/\/cultura.sma.gob.ar\/index.php?rest_route=\/wp\/v2\/posts\/4724\/revisions"}],"predecessor-version":[{"id":4725,"href":"https:\/\/cultura.sma.gob.ar\/index.php?rest_route=\/wp\/v2\/posts\/4724\/revisions\/4725"}],"wp:featuredmedia":[{"embeddable":true,"href":"https:\/\/cultura.sma.gob.ar\/index.php?rest_route=\/wp\/v2\/media\/297"}],"wp:attachment":[{"href":"https:\/\/cultura.sma.gob.ar\/index.php?rest_route=%2Fwp%2Fv2%2Fmedia&parent=4724"}],"wp:term":[{"taxonomy":"category","embeddable":true,"href":"https:\/\/cultura.sma.gob.ar\/index.php?rest_route=%2Fwp%2Fv2%2Fcategories&post=4724"},{"taxonomy":"post_tag","embeddable":true,"href":"https:\/\/cultura.sma.gob.ar\/index.php?rest_route=%2Fwp%2Fv2%2Ftags&post=4724"}],"curies":[{"name":"wp","href":"https:\/\/api.w.org\/{rel}","templated":true}]}}