{"id":4713,"date":"2023-05-31T19:16:51","date_gmt":"2023-05-31T22:16:51","guid":{"rendered":"http:\/\/cultura.sma.gob.ar\/?p=4713"},"modified":"2023-05-31T19:16:51","modified_gmt":"2023-05-31T22:16:51","slug":"la-sala-municipal-de-exposiciones-lidaura-chapitel-recibe-tres-nuevas-muestras-de-artistas-locales","status":"publish","type":"post","link":"https:\/\/cultura.sma.gob.ar\/?p=4713","title":{"rendered":"La Sala Municipal de Exposiciones Lidaura Chapitel recibe tres nuevas muestras de artistas locales"},"content":{"rendered":"\n<figure class=\"wp-block-image size-large\"><img loading=\"lazy\" decoding=\"async\" width=\"1024\" height=\"1024\" src=\"http:\/\/cultura.sma.gob.ar\/wp-content\/uploads\/2023\/05\/Flyer-Schroeder_1x1-1024x1024.jpg\" alt=\"\" class=\"wp-image-4714\" srcset=\"https:\/\/cultura.sma.gob.ar\/wp-content\/uploads\/2023\/05\/Flyer-Schroeder_1x1-1024x1024.jpg 1024w, https:\/\/cultura.sma.gob.ar\/wp-content\/uploads\/2023\/05\/Flyer-Schroeder_1x1-300x300.jpg 300w, https:\/\/cultura.sma.gob.ar\/wp-content\/uploads\/2023\/05\/Flyer-Schroeder_1x1-150x150.jpg 150w, https:\/\/cultura.sma.gob.ar\/wp-content\/uploads\/2023\/05\/Flyer-Schroeder_1x1-768x768.jpg 768w, https:\/\/cultura.sma.gob.ar\/wp-content\/uploads\/2023\/05\/Flyer-Schroeder_1x1-90x90.jpg 90w, https:\/\/cultura.sma.gob.ar\/wp-content\/uploads\/2023\/05\/Flyer-Schroeder_1x1.jpg 1080w\" sizes=\"auto, (max-width: 1024px) 100vw, 1024px\" \/><\/figure>\n\n\n\n<p><br>La inauguraci\u00f3n ser\u00e1 el viernes 2 de junio a las 20:00hs, y se podr\u00e1n visitar<br>hasta el 22 de junio en el horario de lunes a viernes de 10 a 12hs y de 16 a<br>20hs, y s\u00e1bados de 16 a 20 hs, con entrada libre, abierta y gratuita.<\/p>\n\n\n\n<p>MARGARITA SCHOEDER \u2013 IM\u00c1GENES DE VIDA<br>Pinturas<br>Desde la ventana del arte, Margarita mira y registra en trazos y texturas el<br>devenir de un mundo que explota en cenizas mientras el cemento avanza<br>sobre el bosque que la sinti\u00f3 crecer.<br>-\u00bfSe puede pintar una vida?<br>Ella reconstruye los episodios de su vida con viejas cintas de cassettes,<br>cenizas del Puyehue, ramas que trae el lago y fosiliza los rastros que va<br>dejando su historia, y tambi\u00e9n la nuestra.<\/p>\n\n\n\n<p>Valeria Conte Mac Donell<\/p>\n\n\n\n<p>CECILIA TAPPA &#8211; ELOGIO DE LO SENSIBLE<br>Instalaci\u00f3n y objetos.<\/p>\n\n\n\n<p>La obra de Cecilia se despliega sobre el territorio de lo sensible, le otorga materia, le da palabra. Es un territorio subjetivo, emocional, afectivo, contradictorio, doliente, amante: el territorio de la memoria, individual y colectiva, la memoria de una &#8220;minor\u00eda&#8221;.<\/p>\n\n\n\n<p>Su trabajo hizo puente con otras al entrar en la sensibilidad de muchas mujeres, que a trav\u00e9s de historias y objetos le compartieron sus vidas.<\/p>\n\n\n\n<p>Elogio de lo sensible invita a interpelarnos acerca de los v\u00ednculos, la matriz que opera en nosotras a la hora de relacionarnos: las conexiones de pareja, la relaci\u00f3n con nuestros deseos, el v\u00ednculo con nuestros cuerpos que configuran territorios particulares atravesados por m\u00faltiples violencias conform\u00e1ndose como superficies de impacto de las tramas de poder.<br>Su proceso creativo es pol\u00edtico y po\u00e9tico. Su obra nos da las coordenadas para<br>transitar el mapa de ese territorio de memorias, reparando dolores.<\/p>\n\n\n\n<p>MARIAM SAAVEDRA &#8211; EL ABRAZO DEL COLOR<\/p>\n\n\n\n<p>La obra de Mariam Saavedra danza en paisajes abstractos que muchas veces<br>deja lugar a rememoraciones, extra\u00f1ezas y crudezas.<\/p>\n\n\n\n<p>El color y el material se fusionan y construyen una espontaneidad gestual<br>valiente que nos permite alcanzar otros destellos de sentidos, podemos ir m\u00e1s<br>all\u00e1 del paisaje, correr la frontera hacia un misterio que puede hablarnos de<br>nosotros mismos.<\/p>\n\n\n\n<figure class=\"wp-block-image size-large\"><img loading=\"lazy\" decoding=\"async\" width=\"1024\" height=\"1024\" src=\"http:\/\/cultura.sma.gob.ar\/wp-content\/uploads\/2023\/05\/Flyer-Tappa_1x1-1-1024x1024.jpg\" alt=\"\" class=\"wp-image-4715\" srcset=\"https:\/\/cultura.sma.gob.ar\/wp-content\/uploads\/2023\/05\/Flyer-Tappa_1x1-1-1024x1024.jpg 1024w, https:\/\/cultura.sma.gob.ar\/wp-content\/uploads\/2023\/05\/Flyer-Tappa_1x1-1-300x300.jpg 300w, https:\/\/cultura.sma.gob.ar\/wp-content\/uploads\/2023\/05\/Flyer-Tappa_1x1-1-150x150.jpg 150w, https:\/\/cultura.sma.gob.ar\/wp-content\/uploads\/2023\/05\/Flyer-Tappa_1x1-1-768x768.jpg 768w, https:\/\/cultura.sma.gob.ar\/wp-content\/uploads\/2023\/05\/Flyer-Tappa_1x1-1-90x90.jpg 90w, https:\/\/cultura.sma.gob.ar\/wp-content\/uploads\/2023\/05\/Flyer-Tappa_1x1-1.jpg 1080w\" sizes=\"auto, (max-width: 1024px) 100vw, 1024px\" \/><\/figure>\n\n\n\n<figure class=\"wp-block-image size-large\"><img loading=\"lazy\" decoding=\"async\" width=\"1024\" height=\"1024\" src=\"http:\/\/cultura.sma.gob.ar\/wp-content\/uploads\/2023\/05\/Flyer-Saavedra_1x1-1024x1024.jpg\" alt=\"\" class=\"wp-image-4716\" srcset=\"https:\/\/cultura.sma.gob.ar\/wp-content\/uploads\/2023\/05\/Flyer-Saavedra_1x1-1024x1024.jpg 1024w, https:\/\/cultura.sma.gob.ar\/wp-content\/uploads\/2023\/05\/Flyer-Saavedra_1x1-300x300.jpg 300w, https:\/\/cultura.sma.gob.ar\/wp-content\/uploads\/2023\/05\/Flyer-Saavedra_1x1-150x150.jpg 150w, https:\/\/cultura.sma.gob.ar\/wp-content\/uploads\/2023\/05\/Flyer-Saavedra_1x1-768x768.jpg 768w, https:\/\/cultura.sma.gob.ar\/wp-content\/uploads\/2023\/05\/Flyer-Saavedra_1x1-90x90.jpg 90w, https:\/\/cultura.sma.gob.ar\/wp-content\/uploads\/2023\/05\/Flyer-Saavedra_1x1.jpg 1080w\" sizes=\"auto, (max-width: 1024px) 100vw, 1024px\" \/><\/figure>\n","protected":false},"excerpt":{"rendered":"<p>La inauguraci\u00f3n ser\u00e1 el viernes 2 de junio a las 20:00hs, y se podr\u00e1n visitarhasta el 22 de junio en el horario de lunes a viernes de 10 a 12hs y de 16 a20hs, y s\u00e1bados de 16 a 20 hs, con entrada libre, abierta y gratuita. MARGARITA SCHOEDER \u2013 IM\u00c1GENES DE VIDAPinturasDesde la ventana del arte, Margarita mira y registra en trazos y texturas &hellip; <a href=\"https:\/\/cultura.sma.gob.ar\/?p=4713\" class=\"more-link\">Continue reading <span class=\"screen-reader-text\">La Sala Municipal de Exposiciones Lidaura Chapitel recibe tres nuevas muestras de artistas locales<\/span><\/a><\/p>\n","protected":false},"author":1,"featured_media":295,"comment_status":"closed","ping_status":"","sticky":false,"template":"","format":"image","meta":{"footnotes":""},"categories":[6,9],"tags":[],"class_list":["post-4713","post","type-post","status-publish","format-image","has-post-thumbnail","hentry","category-sala-lidaura-chapitel","category-ultimas-noticias","post_format-post-format-image"],"_links":{"self":[{"href":"https:\/\/cultura.sma.gob.ar\/index.php?rest_route=\/wp\/v2\/posts\/4713","targetHints":{"allow":["GET"]}}],"collection":[{"href":"https:\/\/cultura.sma.gob.ar\/index.php?rest_route=\/wp\/v2\/posts"}],"about":[{"href":"https:\/\/cultura.sma.gob.ar\/index.php?rest_route=\/wp\/v2\/types\/post"}],"author":[{"embeddable":true,"href":"https:\/\/cultura.sma.gob.ar\/index.php?rest_route=\/wp\/v2\/users\/1"}],"replies":[{"embeddable":true,"href":"https:\/\/cultura.sma.gob.ar\/index.php?rest_route=%2Fwp%2Fv2%2Fcomments&post=4713"}],"version-history":[{"count":1,"href":"https:\/\/cultura.sma.gob.ar\/index.php?rest_route=\/wp\/v2\/posts\/4713\/revisions"}],"predecessor-version":[{"id":4717,"href":"https:\/\/cultura.sma.gob.ar\/index.php?rest_route=\/wp\/v2\/posts\/4713\/revisions\/4717"}],"wp:featuredmedia":[{"embeddable":true,"href":"https:\/\/cultura.sma.gob.ar\/index.php?rest_route=\/wp\/v2\/media\/295"}],"wp:attachment":[{"href":"https:\/\/cultura.sma.gob.ar\/index.php?rest_route=%2Fwp%2Fv2%2Fmedia&parent=4713"}],"wp:term":[{"taxonomy":"category","embeddable":true,"href":"https:\/\/cultura.sma.gob.ar\/index.php?rest_route=%2Fwp%2Fv2%2Fcategories&post=4713"},{"taxonomy":"post_tag","embeddable":true,"href":"https:\/\/cultura.sma.gob.ar\/index.php?rest_route=%2Fwp%2Fv2%2Ftags&post=4713"}],"curies":[{"name":"wp","href":"https:\/\/api.w.org\/{rel}","templated":true}]}}