{"id":471,"date":"2020-10-31T11:05:44","date_gmt":"2020-10-31T14:05:44","guid":{"rendered":"http:\/\/cultura.sma.gob.ar\/?p=471"},"modified":"2020-10-31T11:05:44","modified_gmt":"2020-10-31T14:05:44","slug":"aproximaciones-al-cuerpo-propio-ultima-edicion-del-ano","status":"publish","type":"post","link":"https:\/\/cultura.sma.gob.ar\/?p=471","title":{"rendered":"Aproximaciones al cuerpo propio: \u00faltima edici\u00f3n del a\u00f1o"},"content":{"rendered":"\n<p><em>Quedan algunos d\u00edas para inscribirse, sumate a esta \u00faltima edici\u00f3n del a\u00f1o!! Iniciamos el 9\/11 <\/em><\/p>\n\n\n\n<p> Aproximaciones al cuerpo propio es un taller para transitar la representaci\u00f3n del cuerpo, siendo \u00e9sta el punto de partida para la experimentaci\u00f3n art\u00edstica. Es un espacio coordinado por Camila Calderoni (fot\u00f3grafa y docente) y Melisa Fort (artista interdisciplinaria, performer y profesora de artes visuales). La propuesta es generar un espacio centrado en la b\u00fasqueda de la expresividad y la po\u00e9tica personal, reconociendo el cuerpo como un potente motor de sentido. El taller busca ser un espacio desde el cual formular y resolver interrogantes en torno al propio cuerpo como herramienta para el discurso art\u00edstico, as\u00ed como indagar en artistas que hayan utilizado su cuerpo como medio , herramienta y lienzo a lo largo de su obra. La propuesta, si bien est\u00e1 atravesada por la fotograf\u00eda, no est\u00e1 cerrada a ese \u00fanico modo de expresi\u00f3n. El taller es multidisciplinar y lo que ofrecemos es acompa\u00f1ar la b\u00fasqueda y el desarrollo de cada participante en el lenguaje que mejor le identifique. Hay quienes atraviesan todo el taller haciendo fotograf\u00edas y hay quienes experimentan con todos los lenguajes posibles, tambi\u00e9n quien se descubre en un lenguaje que no hab\u00eda transitado antes. No es necesaria la experiencia previa. El taller est\u00e1 dirigido a fotografes, artistas visuales, performers, videastas, creadores en general como as\u00ed tambi\u00e9n a toda persona interesada en transitar las posibilidades expresivas y discursivas de su propio cuerpo. \u00a0 <em>Para inscripciones y + info escribir a<br><a href=\"https:\/\/correo.smandes.gov.ar\/owa\/redir.aspx?C=cef1f93d449647959ca328f5e8dbe6ad&amp;URL=mailto%3aaproximacionesalcuerpopropio%40gmail.com\">aproximacionesalcuerpopropio@gmail.com<\/a><\/em><br>\ud83d\udd0dIG @aproximacionesalcuerpopropio<\/p>\n","protected":false},"excerpt":{"rendered":"<p>Abierta la inscripci\u00f3n. Inicia 9 de noviembre <a href=\"https:\/\/cultura.sma.gob.ar\/?p=471\" class=\"more-link\">Continue reading <span class=\"screen-reader-text\">Aproximaciones al cuerpo propio: \u00faltima edici\u00f3n del a\u00f1o<\/span><\/a><\/p>\n","protected":false},"author":1,"featured_media":297,"comment_status":"closed","ping_status":"","sticky":false,"template":"","format":"image","meta":{"footnotes":""},"categories":[2],"tags":[],"class_list":["post-471","post","type-post","status-publish","format-image","has-post-thumbnail","hentry","category-ciudad-cultural","post_format-post-format-image"],"_links":{"self":[{"href":"https:\/\/cultura.sma.gob.ar\/index.php?rest_route=\/wp\/v2\/posts\/471","targetHints":{"allow":["GET"]}}],"collection":[{"href":"https:\/\/cultura.sma.gob.ar\/index.php?rest_route=\/wp\/v2\/posts"}],"about":[{"href":"https:\/\/cultura.sma.gob.ar\/index.php?rest_route=\/wp\/v2\/types\/post"}],"author":[{"embeddable":true,"href":"https:\/\/cultura.sma.gob.ar\/index.php?rest_route=\/wp\/v2\/users\/1"}],"replies":[{"embeddable":true,"href":"https:\/\/cultura.sma.gob.ar\/index.php?rest_route=%2Fwp%2Fv2%2Fcomments&post=471"}],"version-history":[{"count":1,"href":"https:\/\/cultura.sma.gob.ar\/index.php?rest_route=\/wp\/v2\/posts\/471\/revisions"}],"predecessor-version":[{"id":472,"href":"https:\/\/cultura.sma.gob.ar\/index.php?rest_route=\/wp\/v2\/posts\/471\/revisions\/472"}],"wp:featuredmedia":[{"embeddable":true,"href":"https:\/\/cultura.sma.gob.ar\/index.php?rest_route=\/wp\/v2\/media\/297"}],"wp:attachment":[{"href":"https:\/\/cultura.sma.gob.ar\/index.php?rest_route=%2Fwp%2Fv2%2Fmedia&parent=471"}],"wp:term":[{"taxonomy":"category","embeddable":true,"href":"https:\/\/cultura.sma.gob.ar\/index.php?rest_route=%2Fwp%2Fv2%2Fcategories&post=471"},{"taxonomy":"post_tag","embeddable":true,"href":"https:\/\/cultura.sma.gob.ar\/index.php?rest_route=%2Fwp%2Fv2%2Ftags&post=471"}],"curies":[{"name":"wp","href":"https:\/\/api.w.org\/{rel}","templated":true}]}}