{"id":4708,"date":"2023-05-17T20:39:36","date_gmt":"2023-05-17T23:39:36","guid":{"rendered":"http:\/\/cultura.sma.gob.ar\/?p=4708"},"modified":"2023-05-17T20:39:36","modified_gmt":"2023-05-17T23:39:36","slug":"seminario-taller-de-zambas-y-cuecas-en-espacio-trama","status":"publish","type":"post","link":"https:\/\/cultura.sma.gob.ar\/?p=4708","title":{"rendered":"Seminario-Taller de zambas y cuecas en Espacio TRAMA"},"content":{"rendered":"\n<figure class=\"wp-block-image size-large\"><img loading=\"lazy\" decoding=\"async\" width=\"723\" height=\"1024\" src=\"http:\/\/cultura.sma.gob.ar\/wp-content\/uploads\/2023\/05\/Imagen-de-WhatsApp-2023-05-17-a-las-13.35.47-723x1024.jpg\" alt=\"\" class=\"wp-image-4709\" srcset=\"https:\/\/cultura.sma.gob.ar\/wp-content\/uploads\/2023\/05\/Imagen-de-WhatsApp-2023-05-17-a-las-13.35.47-723x1024.jpg 723w, https:\/\/cultura.sma.gob.ar\/wp-content\/uploads\/2023\/05\/Imagen-de-WhatsApp-2023-05-17-a-las-13.35.47-212x300.jpg 212w, https:\/\/cultura.sma.gob.ar\/wp-content\/uploads\/2023\/05\/Imagen-de-WhatsApp-2023-05-17-a-las-13.35.47-768x1087.jpg 768w, https:\/\/cultura.sma.gob.ar\/wp-content\/uploads\/2023\/05\/Imagen-de-WhatsApp-2023-05-17-a-las-13.35.47-64x90.jpg 64w, https:\/\/cultura.sma.gob.ar\/wp-content\/uploads\/2023\/05\/Imagen-de-WhatsApp-2023-05-17-a-las-13.35.47.jpg 904w\" sizes=\"auto, (max-width: 723px) 100vw, 723px\" \/><\/figure>\n\n\n\n<p>Isa\u00edd Gonz\u00e1lez y la profe Zulema Retamal propiciar\u00e1n en San Mart\u00edn de los Andes un seminario de Zambas y cueca donde van a abordar la tem\u00e1tica especial adem\u00e1s de la cueca neuquina que es muy requerida.<\/p>\n\n\n\n<p>27 de mayo en Espacio TRAMA<\/p>\n","protected":false},"excerpt":{"rendered":"<p>Isa\u00edd Gonz\u00e1lez y la profe Zulema Retamal propiciar\u00e1n en San Mart\u00edn de los Andes un seminario de Zambas y cueca donde van a abordar la tem\u00e1tica especial adem\u00e1s de la cueca neuquina que es muy requerida. 27 de mayo en Espacio TRAMA <a href=\"https:\/\/cultura.sma.gob.ar\/?p=4708\" class=\"more-link\">Continue reading <span class=\"screen-reader-text\">Seminario-Taller de zambas y cuecas en Espacio TRAMA<\/span><\/a><\/p>\n","protected":false},"author":1,"featured_media":297,"comment_status":"closed","ping_status":"","sticky":false,"template":"","format":"image","meta":{"footnotes":""},"categories":[2,9],"tags":[],"class_list":["post-4708","post","type-post","status-publish","format-image","has-post-thumbnail","hentry","category-ciudad-cultural","category-ultimas-noticias","post_format-post-format-image"],"_links":{"self":[{"href":"https:\/\/cultura.sma.gob.ar\/index.php?rest_route=\/wp\/v2\/posts\/4708","targetHints":{"allow":["GET"]}}],"collection":[{"href":"https:\/\/cultura.sma.gob.ar\/index.php?rest_route=\/wp\/v2\/posts"}],"about":[{"href":"https:\/\/cultura.sma.gob.ar\/index.php?rest_route=\/wp\/v2\/types\/post"}],"author":[{"embeddable":true,"href":"https:\/\/cultura.sma.gob.ar\/index.php?rest_route=\/wp\/v2\/users\/1"}],"replies":[{"embeddable":true,"href":"https:\/\/cultura.sma.gob.ar\/index.php?rest_route=%2Fwp%2Fv2%2Fcomments&post=4708"}],"version-history":[{"count":1,"href":"https:\/\/cultura.sma.gob.ar\/index.php?rest_route=\/wp\/v2\/posts\/4708\/revisions"}],"predecessor-version":[{"id":4710,"href":"https:\/\/cultura.sma.gob.ar\/index.php?rest_route=\/wp\/v2\/posts\/4708\/revisions\/4710"}],"wp:featuredmedia":[{"embeddable":true,"href":"https:\/\/cultura.sma.gob.ar\/index.php?rest_route=\/wp\/v2\/media\/297"}],"wp:attachment":[{"href":"https:\/\/cultura.sma.gob.ar\/index.php?rest_route=%2Fwp%2Fv2%2Fmedia&parent=4708"}],"wp:term":[{"taxonomy":"category","embeddable":true,"href":"https:\/\/cultura.sma.gob.ar\/index.php?rest_route=%2Fwp%2Fv2%2Fcategories&post=4708"},{"taxonomy":"post_tag","embeddable":true,"href":"https:\/\/cultura.sma.gob.ar\/index.php?rest_route=%2Fwp%2Fv2%2Ftags&post=4708"}],"curies":[{"name":"wp","href":"https:\/\/api.w.org\/{rel}","templated":true}]}}