{"id":4704,"date":"2023-05-15T20:11:31","date_gmt":"2023-05-15T23:11:31","guid":{"rendered":"http:\/\/cultura.sma.gob.ar\/?p=4704"},"modified":"2023-05-15T20:11:31","modified_gmt":"2023-05-15T23:11:31","slug":"charangos-cuerdas-y-vientos-del-sur-en-la-sala-amankay","status":"publish","type":"post","link":"https:\/\/cultura.sma.gob.ar\/?p=4704","title":{"rendered":"&#8221;Charangos, cuerdas y vientos del sur&#8221; en la Sala Amankay"},"content":{"rendered":"\n<figure class=\"wp-block-image size-large\"><img loading=\"lazy\" decoding=\"async\" width=\"1024\" height=\"1024\" src=\"http:\/\/cultura.sma.gob.ar\/wp-content\/uploads\/2023\/05\/Charangos-cuerdas-y-vientos-del-sur-flyer-1024x1024.jpeg\" alt=\"\" class=\"wp-image-4705\" srcset=\"https:\/\/cultura.sma.gob.ar\/wp-content\/uploads\/2023\/05\/Charangos-cuerdas-y-vientos-del-sur-flyer-1024x1024.jpeg 1024w, https:\/\/cultura.sma.gob.ar\/wp-content\/uploads\/2023\/05\/Charangos-cuerdas-y-vientos-del-sur-flyer-300x300.jpeg 300w, https:\/\/cultura.sma.gob.ar\/wp-content\/uploads\/2023\/05\/Charangos-cuerdas-y-vientos-del-sur-flyer-150x150.jpeg 150w, https:\/\/cultura.sma.gob.ar\/wp-content\/uploads\/2023\/05\/Charangos-cuerdas-y-vientos-del-sur-flyer-768x768.jpeg 768w, https:\/\/cultura.sma.gob.ar\/wp-content\/uploads\/2023\/05\/Charangos-cuerdas-y-vientos-del-sur-flyer-90x90.jpeg 90w, https:\/\/cultura.sma.gob.ar\/wp-content\/uploads\/2023\/05\/Charangos-cuerdas-y-vientos-del-sur-flyer.jpeg 1080w\" sizes=\"auto, (max-width: 1024px) 100vw, 1024px\" \/><\/figure>\n\n\n\n<p>El pr\u00f3ximo domingo, 04 de junio a las 20hs, en la Sala Amankay, compartiremos otra imperdible jornada musical, junto a Patricio Sullivan e invitados de lujo.<br>\u201cCHARANGOS, CUERDAS Y VIENTOS DEL SUR\u201d.&nbsp;<\/p>\n\n\n\n<p>Patricio es multicuerdista, especialista en cuerdas latinoamericanas y compositor de amplia formaci\u00f3n acad\u00e9mica y popular, es en la actualidad uno de los referentes del Charango en Argentina y el mundo.&nbsp;&nbsp;<\/p>\n\n\n\n<p>Recorri\u00f3 Latinoam\u00e9rica participando en los festivales m\u00e1s importantes y realiz\u00f3 cinco giras por Europa entre 2013 y 2021.&nbsp;&nbsp;<\/p>\n\n\n\n<p>Ganador del Charango de Oro 2010 (Aiquile-Bolivia), lleva editados siete discos y seis m\u00e9todos de ense\u00f1anza. Escribi\u00f3, arregl\u00f3 y estren\u00f3 m\u00fasica que va desde d\u00faos de c\u00e1mara a orquesta de cuerdas y sinf\u00f3nica.&nbsp;<\/p>\n\n\n\n<p>Artistas invitados: Yanina Prieto (Danza), Fernando Formigo y el Ensamble Vilcandino.&nbsp;<\/p>\n\n\n\n<p><strong>Charangos, cuerdas y vientos del Sur&nbsp;<\/strong>propone escuchar al int\u00e9rprete y su mirada de la m\u00fasica latinoamericana a trav\u00e9s del encuentro con charangos de distintas afinaciones, pedales, loops y percusi\u00f3n. Con creaciones propias y arreglos originales, recorre colores ancestrales y a la vez contempor\u00e1neos.&nbsp;<\/p>\n\n\n\n<p>Con invitados especiales, sumar\u00e1 la sonoridad de los aer\u00f3fonos andinos, las flautas y la danza.&nbsp;<\/p>\n\n\n\n<p>Contacto Patricio Sullivan (Para notas): +54 9 11 6035-1397&nbsp;<\/p>\n\n\n\n<p><strong><u>REDES<\/u><\/strong>:&nbsp;<\/p>\n\n\n\n<p><a href=\"https:\/\/correo.smandes.gov.ar\/owa\/redir.aspx?C=480969f7bd3c4dffa78a308e392c8cc9&amp;URL=http%3a%2f%2fwww.patriciosullivan.com.ar\" target=\"_blank\" rel=\"noreferrer noopener\">www.patriciosullivan.com.ar<\/a>&nbsp;<\/p>\n\n\n\n<p><a href=\"https:\/\/correo.smandes.gov.ar\/owa\/redir.aspx?C=480969f7bd3c4dffa78a308e392c8cc9&amp;URL=https%3a%2f%2fwww.instagram.com%2fpatriciosullivancharango%2f%3fhl%3des\" target=\"_blank\" rel=\"noreferrer noopener\">https:\/\/www.instagram.com\/patriciosullivancharango\/?hl=es<\/a><br><br>Entrada Anticipada $1.000 \u2013 El mismo d\u00eda $1.500.-<br>En venta en la boleteria del Centro Cultural.&nbsp;<\/p>\n","protected":false},"excerpt":{"rendered":"<p>El pr\u00f3ximo domingo, 04 de junio a las 20hs, en la Sala Amankay, compartiremos otra imperdible jornada musical, junto a Patricio Sullivan e invitados de lujo.\u201cCHARANGOS, CUERDAS Y VIENTOS DEL SUR\u201d.&nbsp; Patricio es multicuerdista, especialista en cuerdas latinoamericanas y compositor de amplia formaci\u00f3n acad\u00e9mica y popular, es en la actualidad uno de los referentes del Charango en Argentina y el mundo.&nbsp;&nbsp; Recorri\u00f3 Latinoam\u00e9rica participando en &hellip; <a href=\"https:\/\/cultura.sma.gob.ar\/?p=4704\" class=\"more-link\">Continue reading <span class=\"screen-reader-text\">&#8221;Charangos, cuerdas y vientos del sur&#8221; en la Sala Amankay<\/span><\/a><\/p>\n","protected":false},"author":1,"featured_media":297,"comment_status":"closed","ping_status":"","sticky":false,"template":"","format":"image","meta":{"footnotes":""},"categories":[2,9],"tags":[],"class_list":["post-4704","post","type-post","status-publish","format-image","has-post-thumbnail","hentry","category-ciudad-cultural","category-ultimas-noticias","post_format-post-format-image"],"_links":{"self":[{"href":"https:\/\/cultura.sma.gob.ar\/index.php?rest_route=\/wp\/v2\/posts\/4704","targetHints":{"allow":["GET"]}}],"collection":[{"href":"https:\/\/cultura.sma.gob.ar\/index.php?rest_route=\/wp\/v2\/posts"}],"about":[{"href":"https:\/\/cultura.sma.gob.ar\/index.php?rest_route=\/wp\/v2\/types\/post"}],"author":[{"embeddable":true,"href":"https:\/\/cultura.sma.gob.ar\/index.php?rest_route=\/wp\/v2\/users\/1"}],"replies":[{"embeddable":true,"href":"https:\/\/cultura.sma.gob.ar\/index.php?rest_route=%2Fwp%2Fv2%2Fcomments&post=4704"}],"version-history":[{"count":1,"href":"https:\/\/cultura.sma.gob.ar\/index.php?rest_route=\/wp\/v2\/posts\/4704\/revisions"}],"predecessor-version":[{"id":4706,"href":"https:\/\/cultura.sma.gob.ar\/index.php?rest_route=\/wp\/v2\/posts\/4704\/revisions\/4706"}],"wp:featuredmedia":[{"embeddable":true,"href":"https:\/\/cultura.sma.gob.ar\/index.php?rest_route=\/wp\/v2\/media\/297"}],"wp:attachment":[{"href":"https:\/\/cultura.sma.gob.ar\/index.php?rest_route=%2Fwp%2Fv2%2Fmedia&parent=4704"}],"wp:term":[{"taxonomy":"category","embeddable":true,"href":"https:\/\/cultura.sma.gob.ar\/index.php?rest_route=%2Fwp%2Fv2%2Fcategories&post=4704"},{"taxonomy":"post_tag","embeddable":true,"href":"https:\/\/cultura.sma.gob.ar\/index.php?rest_route=%2Fwp%2Fv2%2Ftags&post=4704"}],"curies":[{"name":"wp","href":"https:\/\/api.w.org\/{rel}","templated":true}]}}