{"id":4700,"date":"2023-05-15T20:09:30","date_gmt":"2023-05-15T23:09:30","guid":{"rendered":"http:\/\/cultura.sma.gob.ar\/?p=4700"},"modified":"2023-05-15T20:09:30","modified_gmt":"2023-05-15T23:09:30","slug":"ciclo-de-cine-auspiciado-por-el-rotary-club-la-vida-es-bella","status":"publish","type":"post","link":"https:\/\/cultura.sma.gob.ar\/?p=4700","title":{"rendered":"Ciclo de Cine auspiciado por el Rotary Club: &#8221;La vida es bella&#8221;"},"content":{"rendered":"\n<figure class=\"wp-block-image size-large\"><img loading=\"lazy\" decoding=\"async\" width=\"1024\" height=\"552\" src=\"http:\/\/cultura.sma.gob.ar\/wp-content\/uploads\/2023\/05\/la-vida-es-bella-1024x552.jpg\" alt=\"\" class=\"wp-image-4701\" srcset=\"https:\/\/cultura.sma.gob.ar\/wp-content\/uploads\/2023\/05\/la-vida-es-bella-1024x552.jpg 1024w, https:\/\/cultura.sma.gob.ar\/wp-content\/uploads\/2023\/05\/la-vida-es-bella-300x162.jpg 300w, https:\/\/cultura.sma.gob.ar\/wp-content\/uploads\/2023\/05\/la-vida-es-bella-768x414.jpg 768w, https:\/\/cultura.sma.gob.ar\/wp-content\/uploads\/2023\/05\/la-vida-es-bella-167x90.jpg 167w, https:\/\/cultura.sma.gob.ar\/wp-content\/uploads\/2023\/05\/la-vida-es-bella.jpg 1214w\" sizes=\"auto, (max-width: 1024px) 100vw, 1024px\" \/><\/figure>\n\n\n\n<p>7<strong><u>ma. TEMPORADA \u2013 A\u00d1O 2023<\/u><\/strong><strong><u>\u00a0<\/u><\/strong><strong><u>\u2013 CICLO N\u00b0 38<\/u><\/strong><\/p>\n\n\n\n<p><strong>Ciclo de Cine&nbsp;<\/strong><strong>auspiciado por<\/strong><strong>&nbsp;<\/strong><strong>el Rotary Club de San Mart\u00edn de los Andes<\/strong><\/p>\n\n\n\n<p><strong><u>A beneficio de la Secci\u00f3n CUIDADOS PALIATIVOS<\/u><\/strong>&nbsp;<strong>del Hospital Ram\u00f3n Carrillo<\/strong><\/p>\n\n\n\n<p><strong>Mi\u00e9rcoles&nbsp;<\/strong><strong>17<\/strong><strong>&nbsp;<\/strong><strong>de Mayo &nbsp;20<\/strong><strong>.15 hs \u2013 Sala \u201cAmankay\u201d de Cotesma<\/strong><\/p>\n\n\n\n<p><strong><u>Programaci\u00f3n y Presentaci\u00f3n:<\/u><\/strong><strong>&nbsp;Guillermo Ianniello<\/strong><\/p>\n\n\n\n<p>Ciclo&nbsp;<strong>\u201cLA VIDA SIEMPRE BRINDA ESPERANZA\u201d<\/strong><\/p>\n\n\n\n<p><strong><u>\u201cLA VIDA ES BELLA\u201d<\/u><\/strong>.&nbsp;&nbsp;&nbsp;Roberto Benigni&nbsp;\u2013&nbsp;Nicoletta Braschi&nbsp;\u2013&nbsp;Giorgio Cantarini \u2013 Marisa Paredes<\/p>\n\n\n\n<p>G\u00e9nero: Comedia \u2013 Drama &#8211; Romance<\/p>\n\n\n\n<p>Direcci\u00f3n: Roberto Benigni<\/p>\n\n\n\n<p>Gui\u00f3n Original: Roberto Benigni<\/p>\n\n\n\n<p>Director de Fotograf\u00eda: Tonino Delli Colli<\/p>\n\n\n\n<p>Banda Sonora: Nicola Piovani<\/p>\n\n\n\n<p>Idiomas: Italiano &#8211; Alem\u00e1n<\/p>\n\n\n\n<p>Subt\u00edtulos en espa\u00f1ol<\/p>\n\n\n\n<p>Pa\u00eds de Origen: Italia<\/p>\n\n\n\n<p>Productor: Gianluigi Braschi<\/p>\n\n\n\n<p>Estudios: Cecchi Gori Group<\/p>\n\n\n\n<p>Lugar de Filmaci\u00f3n: Italia<\/p>\n\n\n\n<p>A\u00f1o de Rodaje: 1997<\/p>\n\n\n\n<p>Premios: Mejor Pel\u00edcula \u2013 Mejor Director \u2013 Mejor Gui\u00f3n \u2013 Mejor Fotograf\u00eda &#8211; Mejor Banda Sonora &#8211; Mejor Actor<\/p>\n\n\n\n<p>&#8220;La vida es bella&#8221; posiblemente sea el m\u00e1s hermoso canto a la vida y al optimismo que haya hecho la industria del cine jam\u00e1s.<\/p>\n\n\n\n<p>Roberto Benigni logra crear una pel\u00edcula donde los momentos de comedia y de drama se suceden con una gran inteligencia y sobre todo, con una maestr\u00eda fuera de toda duda.<br><\/p>\n\n\n\n<p>La historia es desenfadada, tierna, pero al mismo tiempo posee una gran profundidad y, desde una \u00f3ptica positiva, el italiano recrea lo que signific\u00f3 el holocausto nazi. Todo ello, impregnado con su peculiar estilo y su manera tan personal de entener el cine y los aspectos de la vida.<\/p>\n\n\n\n<p><br>Hay escenas geniales, planos bell\u00edsimos, momentos en los que aparecer\u00e1n sonrisas y otros donde incluso se escapar\u00e1 alguna l\u00e1grima.<\/p>\n\n\n\n<p>Adem\u00e1s, la banda sonora es magn\u00edfica y las interpretaciones de los actores, incre\u00edbles.<br>En definitiva, todo es maravilloso en &#8220;La vida es bella&#8221; y se trata de una pel\u00edcula que con el paso del tiempo adquiri\u00f3 el car\u00e1cter de \u201ccl\u00e1sico\u201d y que no dejar\u00e1 indiferente a nadie.<\/p>\n\n\n\n<p>Pocas veces tantos premios fueron tan merecidos en una obra, donde por encima de todo reina el amor y eso, cuando se est\u00e1 rodeado de tanta barbarie, tiene sin duda un m\u00e9rito enorme. Film genial, joya de Italia\u2026<\/p>\n\n\n\n<p>Este Ciclo tambi\u00e9n incluye las siguientes pel\u00edculas:<\/p>\n\n\n\n<p>Mi\u00e9rcoles 24: \u201cEl Paciente Ingl\u00e9s\u201d<\/p>\n\n\n\n<p>Mi\u00e9rcoles 31: \u201cAtrapado Sin Salida\u201d<\/p>\n\n\n\n<p>Entrada General $500 &#8211; Jubilados $400.-<\/p>\n","protected":false},"excerpt":{"rendered":"<p>7ma. TEMPORADA \u2013 A\u00d1O 2023\u00a0\u2013 CICLO N\u00b0 38 Ciclo de Cine&nbsp;auspiciado por&nbsp;el Rotary Club de San Mart\u00edn de los Andes A beneficio de la Secci\u00f3n CUIDADOS PALIATIVOS&nbsp;del Hospital Ram\u00f3n Carrillo Mi\u00e9rcoles&nbsp;17&nbsp;de Mayo &nbsp;20.15 hs \u2013 Sala \u201cAmankay\u201d de Cotesma Programaci\u00f3n y Presentaci\u00f3n:&nbsp;Guillermo Ianniello Ciclo&nbsp;\u201cLA VIDA SIEMPRE BRINDA ESPERANZA\u201d \u201cLA VIDA ES BELLA\u201d.&nbsp;&nbsp;&nbsp;Roberto Benigni&nbsp;\u2013&nbsp;Nicoletta Braschi&nbsp;\u2013&nbsp;Giorgio Cantarini \u2013 Marisa Paredes G\u00e9nero: Comedia \u2013 Drama &#8211; Romance Direcci\u00f3n: &hellip; <a href=\"https:\/\/cultura.sma.gob.ar\/?p=4700\" class=\"more-link\">Continue reading <span class=\"screen-reader-text\">Ciclo de Cine auspiciado por el Rotary Club: &#8221;La vida es bella&#8221;<\/span><\/a><\/p>\n","protected":false},"author":1,"featured_media":297,"comment_status":"closed","ping_status":"","sticky":false,"template":"","format":"image","meta":{"footnotes":""},"categories":[2,9],"tags":[],"class_list":["post-4700","post","type-post","status-publish","format-image","has-post-thumbnail","hentry","category-ciudad-cultural","category-ultimas-noticias","post_format-post-format-image"],"_links":{"self":[{"href":"https:\/\/cultura.sma.gob.ar\/index.php?rest_route=\/wp\/v2\/posts\/4700","targetHints":{"allow":["GET"]}}],"collection":[{"href":"https:\/\/cultura.sma.gob.ar\/index.php?rest_route=\/wp\/v2\/posts"}],"about":[{"href":"https:\/\/cultura.sma.gob.ar\/index.php?rest_route=\/wp\/v2\/types\/post"}],"author":[{"embeddable":true,"href":"https:\/\/cultura.sma.gob.ar\/index.php?rest_route=\/wp\/v2\/users\/1"}],"replies":[{"embeddable":true,"href":"https:\/\/cultura.sma.gob.ar\/index.php?rest_route=%2Fwp%2Fv2%2Fcomments&post=4700"}],"version-history":[{"count":1,"href":"https:\/\/cultura.sma.gob.ar\/index.php?rest_route=\/wp\/v2\/posts\/4700\/revisions"}],"predecessor-version":[{"id":4702,"href":"https:\/\/cultura.sma.gob.ar\/index.php?rest_route=\/wp\/v2\/posts\/4700\/revisions\/4702"}],"wp:featuredmedia":[{"embeddable":true,"href":"https:\/\/cultura.sma.gob.ar\/index.php?rest_route=\/wp\/v2\/media\/297"}],"wp:attachment":[{"href":"https:\/\/cultura.sma.gob.ar\/index.php?rest_route=%2Fwp%2Fv2%2Fmedia&parent=4700"}],"wp:term":[{"taxonomy":"category","embeddable":true,"href":"https:\/\/cultura.sma.gob.ar\/index.php?rest_route=%2Fwp%2Fv2%2Fcategories&post=4700"},{"taxonomy":"post_tag","embeddable":true,"href":"https:\/\/cultura.sma.gob.ar\/index.php?rest_route=%2Fwp%2Fv2%2Ftags&post=4700"}],"curies":[{"name":"wp","href":"https:\/\/api.w.org\/{rel}","templated":true}]}}