{"id":4696,"date":"2023-05-15T20:06:42","date_gmt":"2023-05-15T23:06:42","guid":{"rendered":"http:\/\/cultura.sma.gob.ar\/?p=4696"},"modified":"2023-05-15T20:06:42","modified_gmt":"2023-05-15T23:06:42","slug":"alumbramiento-en-la-sala-amankay","status":"publish","type":"post","link":"https:\/\/cultura.sma.gob.ar\/?p=4696","title":{"rendered":"&#8221;Alumbramiento&#8221; en la Sala Amankay"},"content":{"rendered":"\n<figure class=\"wp-block-image size-large\"><img loading=\"lazy\" decoding=\"async\" width=\"726\" height=\"1024\" src=\"http:\/\/cultura.sma.gob.ar\/wp-content\/uploads\/2023\/05\/FLAYER-JUNIO-23-726x1024.jpeg\" alt=\"\" class=\"wp-image-4697\" srcset=\"https:\/\/cultura.sma.gob.ar\/wp-content\/uploads\/2023\/05\/FLAYER-JUNIO-23-726x1024.jpeg 726w, https:\/\/cultura.sma.gob.ar\/wp-content\/uploads\/2023\/05\/FLAYER-JUNIO-23-213x300.jpeg 213w, https:\/\/cultura.sma.gob.ar\/wp-content\/uploads\/2023\/05\/FLAYER-JUNIO-23-768x1083.jpeg 768w, https:\/\/cultura.sma.gob.ar\/wp-content\/uploads\/2023\/05\/FLAYER-JUNIO-23-1090x1536.jpeg 1090w, https:\/\/cultura.sma.gob.ar\/wp-content\/uploads\/2023\/05\/FLAYER-JUNIO-23-64x90.jpeg 64w, https:\/\/cultura.sma.gob.ar\/wp-content\/uploads\/2023\/05\/FLAYER-JUNIO-23.jpeg 1135w\" sizes=\"auto, (max-width: 726px) 100vw, 726px\" \/><\/figure>\n\n\n\n<p>El pr\u00f3ximo s\u00e1bado, 10 de junio, a las 20hs, en nuestra querida Sala Amankay, disfrutaremos de \u201cALUMBRAMIENTO\u201d, la Primer Muestra de EDAR, Espacio de Arte y Recreaci\u00f3n ubicado en Chacra 28, al pie de la monta\u00f1a en el Barrio Los Manzanos. &nbsp;<\/p>\n\n\n\n<p>En esta primera Muestra se ver\u00e1n distintos tipos de disciplinas art\u00edsticas y deportivas en el escenario, como ser danzas cl\u00e1sicas, espa\u00f1olas, karate tradicional, MMA, Power Jump, Zumba y presentaciones musicales.<br>Un evento para toda la familia, para fomentar y alentar el desarrollo integral de los ni\u00f1os ni\u00f1as, adolescentes y adultos en una disciplina.&nbsp;<\/p>\n\n\n\n<p>Entradas Anticipadas $1.000.-<br>El mismo d\u00eda $1.400.-<br>En venta en la boleteria del Centro Cultural&nbsp;<\/p>\n","protected":false},"excerpt":{"rendered":"<p>El pr\u00f3ximo s\u00e1bado, 10 de junio, a las 20hs, en nuestra querida Sala Amankay, disfrutaremos de \u201cALUMBRAMIENTO\u201d, la Primer Muestra de EDAR, Espacio de Arte y Recreaci\u00f3n ubicado en Chacra 28, al pie de la monta\u00f1a en el Barrio Los Manzanos. &nbsp; En esta primera Muestra se ver\u00e1n distintos tipos de disciplinas art\u00edsticas y deportivas en el escenario, como ser danzas cl\u00e1sicas, espa\u00f1olas, karate tradicional, &hellip; <a href=\"https:\/\/cultura.sma.gob.ar\/?p=4696\" class=\"more-link\">Continue reading <span class=\"screen-reader-text\">&#8221;Alumbramiento&#8221; en la Sala Amankay<\/span><\/a><\/p>\n","protected":false},"author":1,"featured_media":297,"comment_status":"closed","ping_status":"","sticky":false,"template":"","format":"image","meta":{"footnotes":""},"categories":[2,9],"tags":[],"class_list":["post-4696","post","type-post","status-publish","format-image","has-post-thumbnail","hentry","category-ciudad-cultural","category-ultimas-noticias","post_format-post-format-image"],"_links":{"self":[{"href":"https:\/\/cultura.sma.gob.ar\/index.php?rest_route=\/wp\/v2\/posts\/4696","targetHints":{"allow":["GET"]}}],"collection":[{"href":"https:\/\/cultura.sma.gob.ar\/index.php?rest_route=\/wp\/v2\/posts"}],"about":[{"href":"https:\/\/cultura.sma.gob.ar\/index.php?rest_route=\/wp\/v2\/types\/post"}],"author":[{"embeddable":true,"href":"https:\/\/cultura.sma.gob.ar\/index.php?rest_route=\/wp\/v2\/users\/1"}],"replies":[{"embeddable":true,"href":"https:\/\/cultura.sma.gob.ar\/index.php?rest_route=%2Fwp%2Fv2%2Fcomments&post=4696"}],"version-history":[{"count":1,"href":"https:\/\/cultura.sma.gob.ar\/index.php?rest_route=\/wp\/v2\/posts\/4696\/revisions"}],"predecessor-version":[{"id":4698,"href":"https:\/\/cultura.sma.gob.ar\/index.php?rest_route=\/wp\/v2\/posts\/4696\/revisions\/4698"}],"wp:featuredmedia":[{"embeddable":true,"href":"https:\/\/cultura.sma.gob.ar\/index.php?rest_route=\/wp\/v2\/media\/297"}],"wp:attachment":[{"href":"https:\/\/cultura.sma.gob.ar\/index.php?rest_route=%2Fwp%2Fv2%2Fmedia&parent=4696"}],"wp:term":[{"taxonomy":"category","embeddable":true,"href":"https:\/\/cultura.sma.gob.ar\/index.php?rest_route=%2Fwp%2Fv2%2Fcategories&post=4696"},{"taxonomy":"post_tag","embeddable":true,"href":"https:\/\/cultura.sma.gob.ar\/index.php?rest_route=%2Fwp%2Fv2%2Ftags&post=4696"}],"curies":[{"name":"wp","href":"https:\/\/api.w.org\/{rel}","templated":true}]}}