{"id":4693,"date":"2023-05-15T20:04:39","date_gmt":"2023-05-15T23:04:39","guid":{"rendered":"http:\/\/cultura.sma.gob.ar\/?p=4693"},"modified":"2023-05-15T20:04:39","modified_gmt":"2023-05-15T23:04:39","slug":"dalia-gutmann-en-la-sala-amankay","status":"publish","type":"post","link":"https:\/\/cultura.sma.gob.ar\/?p=4693","title":{"rendered":"Dalia Gutmann en la Sala Amankay"},"content":{"rendered":"\n\n\n<p>El pr\u00f3ximo domingo, 25 de junio a las 20hs en nuestra querida Sala Amankay, recibimos a Dalia Gutmann con su, intensamente divertido show, \u201cTENGO COSAS PARA HACER\u201d&nbsp;<\/p>\n\n\n\n<p>\u00a1M\u00e1s de 50.000 espectadores ya se divirtieron!&nbsp;<\/p>\n\n\n\n<p>Nominada al Premio ACE a \u201cMEJOR ESPECT\u00c1CULO DE HUMOR\u201d&nbsp;<\/p>\n\n\n\n<p>Con su show \u201cTengo Cosas Para Hacer\u201d, Dalia despliega todo su delirio arriba del escenario y hacerte re\u00edr es el gran objetivo.&nbsp;<\/p>\n\n\n\n<p>En este espect\u00e1culo Dalia comparte y se r\u00ede de todo su delirio: de su vida acelerada, del disfrute, los est\u00e1ndares de vida perfectos pero imposibles de alcanzar, la culpa, la relaci\u00f3n con su cuerpo, el complejo y apasionado v\u00ednculo con su madre y su hija, la experiencia de ser mujer, los ba\u00f1os p\u00fablicos, la autoestima, el sexo, y esa lista interminable de cosas&nbsp;<\/p>\n\n\n\n<p>que quiere hacer. Tambi\u00e9n nos invita a conocer \u201cGutmannDalia\u201d, un mundo un tanto negador pero hermoso, donde todos podemos ser felices. El show finaliza con el musical de una mina com\u00fan, que quiere ser feliz a pesar de su neurosis. \u00bfLa propuesta del show? Ir al teatro a divertirnos, re\u00edrnos de nuestras vidas, alivianarnos y pasar una noche ESPECTACULAR.&nbsp;<\/p>\n\n\n\n<p>Textos: Dalia Gutmann Direcci\u00f3n: Mariela Asensio&nbsp;<\/p>\n\n\n\n<p>Producci\u00f3n General: TEATRIMING S.R.L Producci\u00f3n Ejecutiva: Juli\u00e1n Mart\u00ednez Fern\u00e1ndez Asistente de producci\u00f3n: Florencia Druetta&nbsp;<\/p>\n\n\n\n<p>Stage Manager: Augusto Moreno&nbsp;<\/p>\n\n\n\n<p>Dise\u00f1o de iluminaci\u00f3n: Ricardo Sica&nbsp;<\/p>\n\n\n\n<p>Dise\u00f1o de Vestuario: Vessna Bebek Dise\u00f1o de escenograf\u00eda: Magali Acha&nbsp;<\/p>\n\n\n\n<p>Reposici\u00f3n de escenograf\u00eda: Vanesa Abramovich Dise\u00f1o y realizaci\u00f3n de objetos: Gise Lalo Peinado y maquillaje: Mar\u00eda de los Milagros Croce&nbsp;<\/p>\n\n\n\n<p>Ilustraciones: Eli Mallet&nbsp;<\/p>\n\n\n\n<p>Fotograf\u00eda: Alejandra L\u00f3pez M\u00fasica Original: Emiliano Benjam\u00edn Imagen Video: Natalia Marcoantoni Voz en off: Diego Chak&nbsp;<\/p>\n\n\n\n<p>Entrada General $5.000.- Disponibles \u00fanicamente en&nbsp;<a href=\"https:\/\/correo.smandes.gov.ar\/owa\/redir.aspx?C=480969f7bd3c4dffa78a308e392c8cc9&amp;URL=https%3a%2f%2fentradauno.com%2fdalia-gutmann---tengo-cosas-para-hacer%2fcentro-cultural-cotesma---sala-amankay%2ffuncion%2f32800%2f%3fh%3dd30f0d5d30057384408c5012e9de63447c55a820\" target=\"_blank\" rel=\"noreferrer noopener\">https:\/\/entradauno.com\/dalia-gutmann&#8212;tengo-cosas-para-hacer\/centro-cultural-cotesma&#8212;sala-amankay\/funcion\/32800\/?h=d30f0d5d30057384408c5012e9de63447c55a820<\/a>&nbsp;<\/p>\n","protected":false},"excerpt":{"rendered":"<p>El pr\u00f3ximo domingo, 25 de junio a las 20hs en nuestra querida Sala Amankay, recibimos a Dalia Gutmann con su, intensamente divertido show, \u201cTENGO COSAS PARA HACER\u201d&nbsp; \u00a1M\u00e1s de 50.000 espectadores ya se divirtieron!&nbsp; Nominada al Premio ACE a \u201cMEJOR ESPECT\u00c1CULO DE HUMOR\u201d&nbsp; Con su show \u201cTengo Cosas Para Hacer\u201d, Dalia despliega todo su delirio arriba del escenario y hacerte re\u00edr es el gran objetivo.&nbsp; &hellip; <a href=\"https:\/\/cultura.sma.gob.ar\/?p=4693\" class=\"more-link\">Continue reading <span class=\"screen-reader-text\">Dalia Gutmann en la Sala Amankay<\/span><\/a><\/p>\n","protected":false},"author":1,"featured_media":297,"comment_status":"closed","ping_status":"","sticky":false,"template":"","format":"image","meta":{"footnotes":""},"categories":[2,9],"tags":[],"class_list":["post-4693","post","type-post","status-publish","format-image","has-post-thumbnail","hentry","category-ciudad-cultural","category-ultimas-noticias","post_format-post-format-image"],"_links":{"self":[{"href":"https:\/\/cultura.sma.gob.ar\/index.php?rest_route=\/wp\/v2\/posts\/4693","targetHints":{"allow":["GET"]}}],"collection":[{"href":"https:\/\/cultura.sma.gob.ar\/index.php?rest_route=\/wp\/v2\/posts"}],"about":[{"href":"https:\/\/cultura.sma.gob.ar\/index.php?rest_route=\/wp\/v2\/types\/post"}],"author":[{"embeddable":true,"href":"https:\/\/cultura.sma.gob.ar\/index.php?rest_route=\/wp\/v2\/users\/1"}],"replies":[{"embeddable":true,"href":"https:\/\/cultura.sma.gob.ar\/index.php?rest_route=%2Fwp%2Fv2%2Fcomments&post=4693"}],"version-history":[{"count":1,"href":"https:\/\/cultura.sma.gob.ar\/index.php?rest_route=\/wp\/v2\/posts\/4693\/revisions"}],"predecessor-version":[{"id":4694,"href":"https:\/\/cultura.sma.gob.ar\/index.php?rest_route=\/wp\/v2\/posts\/4693\/revisions\/4694"}],"wp:featuredmedia":[{"embeddable":true,"href":"https:\/\/cultura.sma.gob.ar\/index.php?rest_route=\/wp\/v2\/media\/297"}],"wp:attachment":[{"href":"https:\/\/cultura.sma.gob.ar\/index.php?rest_route=%2Fwp%2Fv2%2Fmedia&parent=4693"}],"wp:term":[{"taxonomy":"category","embeddable":true,"href":"https:\/\/cultura.sma.gob.ar\/index.php?rest_route=%2Fwp%2Fv2%2Fcategories&post=4693"},{"taxonomy":"post_tag","embeddable":true,"href":"https:\/\/cultura.sma.gob.ar\/index.php?rest_route=%2Fwp%2Fv2%2Ftags&post=4693"}],"curies":[{"name":"wp","href":"https:\/\/api.w.org\/{rel}","templated":true}]}}