{"id":4689,"date":"2023-05-15T18:39:07","date_gmt":"2023-05-15T21:39:07","guid":{"rendered":"http:\/\/cultura.sma.gob.ar\/?p=4689"},"modified":"2023-05-15T18:39:07","modified_gmt":"2023-05-15T21:39:07","slug":"el-festival-de-titeres-cierra-con-funciones-para-toda-la-familia-y-para-adultos-en-espacio-trama","status":"publish","type":"post","link":"https:\/\/cultura.sma.gob.ar\/?p=4689","title":{"rendered":"El Festival de t\u00edteres cierra con funciones para toda la familia y para adultos, en Espacio Trama"},"content":{"rendered":"\n<figure class=\"wp-block-image size-large\"><img loading=\"lazy\" decoding=\"async\" width=\"1024\" height=\"1024\" src=\"http:\/\/cultura.sma.gob.ar\/wp-content\/uploads\/2023\/05\/Cronograma_1x1-1024x1024.jpg\" alt=\"\" class=\"wp-image-4690\" srcset=\"https:\/\/cultura.sma.gob.ar\/wp-content\/uploads\/2023\/05\/Cronograma_1x1-1024x1024.jpg 1024w, https:\/\/cultura.sma.gob.ar\/wp-content\/uploads\/2023\/05\/Cronograma_1x1-300x300.jpg 300w, https:\/\/cultura.sma.gob.ar\/wp-content\/uploads\/2023\/05\/Cronograma_1x1-150x150.jpg 150w, https:\/\/cultura.sma.gob.ar\/wp-content\/uploads\/2023\/05\/Cronograma_1x1-768x768.jpg 768w, https:\/\/cultura.sma.gob.ar\/wp-content\/uploads\/2023\/05\/Cronograma_1x1-90x90.jpg 90w, https:\/\/cultura.sma.gob.ar\/wp-content\/uploads\/2023\/05\/Cronograma_1x1.jpg 1080w\" sizes=\"auto, (max-width: 1024px) 100vw, 1024px\" \/><\/figure>\n\n\n\n<p>El pr\u00f3ximo fin de semana, en Espacio Trama, finalizar\u00e1 el 15\u00ba Festival Internacional de T\u00edteres, con funciones \u201cpara toda la familia\u201d y \u201cpara adultos\u201d a un valor de 200 pesos.<\/p>\n\n\n\n<p>El cronograma de estas \u00faltimas funciones es el siguiente:<\/p>\n\n\n\n<p><strong>S\u00c1BADO 20 DE MAYO<\/strong><\/p>\n\n\n\n<p><strong>Funciones para toda la familia<\/strong><\/p>\n\n\n\n<p>16:00 hs: \u201cLa ni\u00f1a del cerro\u201d. Compa\u00f1\u00eda Florcita de Card\u00f3n (Jujuy)<\/p>\n\n\n\n<p>18:00 hs: \u201cEl peque\u00f1o circo m\u00e1s grande del mundo\u201d. Compa\u00f1\u00eda Colibr\u00ed (C\u00f3rdoba- Venezuela).<\/p>\n\n\n\n<p><strong>Funci\u00f3n para adultos<\/strong><\/p>\n\n\n\n<p>20:00 hs: \u201cSue\u00f1os de arrabal\u201d. Compa\u00f1\u00eda \u00c1nima T\u00edteres y Marionetas (Mar<br>del Plata).<\/p>\n\n\n\n<p><strong>DOMINGO 21 DE MAYO<\/strong><\/p>\n\n\n\n<p><strong>Funciones para toda la familia<\/strong><\/p>\n\n\n\n<p>16:00 hs: \u201cEl viaje de Babka al peque\u00f1o libro\u201d. Compa\u00f1\u00eda Pal\u00edndrome (Rosario)<\/p>\n\n\n\n<p>18:00 hs: \u201cTodos los caminos conducen al monte\u201d. Kun\u00fa \u00fa t\u00edteres (Paraguay)<\/p>\n\n\n\n<p><strong>Funci\u00f3n para adultos<\/strong><\/p>\n\n\n\n<p>20:00 hs: \u201cVariet\u00e9 Cierre\u201d, con la participaci\u00f3n de todas las compa\u00f1\u00edas que<br>vinieron al Festival.<\/p>\n\n\n\n<p>Las entradas tienen un costo de $200 y ya est\u00e1n a la venta en Espacio TRAMA (Gral. Roca 310), de lunes a viernes desde las 9 hs, y el s\u00e1bado y domingo desde las 14 hs.<\/p>\n\n\n\n<p>El 15\u00b0 Festival Internacional de T\u00edteres incluye tambi\u00e9n la magn\u00edfica muestra \u201cUniversos Paralelos\u201d, de Mart\u00edn Villalba, que puede visitarse hasta el pr\u00f3ximo s\u00e1bado en la Sala Lidaura Chapitel.<\/p>\n","protected":false},"excerpt":{"rendered":"<p>El pr\u00f3ximo fin de semana, en Espacio Trama, finalizar\u00e1 el 15\u00ba Festival Internacional de T\u00edteres, con funciones \u201cpara toda la familia\u201d y \u201cpara adultos\u201d a un valor de 200 pesos. El cronograma de estas \u00faltimas funciones es el siguiente: S\u00c1BADO 20 DE MAYO Funciones para toda la familia 16:00 hs: \u201cLa ni\u00f1a del cerro\u201d. Compa\u00f1\u00eda Florcita de Card\u00f3n (Jujuy) 18:00 hs: \u201cEl peque\u00f1o circo m\u00e1s &hellip; <a href=\"https:\/\/cultura.sma.gob.ar\/?p=4689\" class=\"more-link\">Continue reading <span class=\"screen-reader-text\">El Festival de t\u00edteres cierra con funciones para toda la familia y para adultos, en Espacio Trama<\/span><\/a><\/p>\n","protected":false},"author":1,"featured_media":296,"comment_status":"closed","ping_status":"","sticky":false,"template":"","format":"image","meta":{"footnotes":""},"categories":[3,9],"tags":[],"class_list":["post-4689","post","type-post","status-publish","format-image","has-post-thumbnail","hentry","category-eventos-cultura","category-ultimas-noticias","post_format-post-format-image"],"_links":{"self":[{"href":"https:\/\/cultura.sma.gob.ar\/index.php?rest_route=\/wp\/v2\/posts\/4689","targetHints":{"allow":["GET"]}}],"collection":[{"href":"https:\/\/cultura.sma.gob.ar\/index.php?rest_route=\/wp\/v2\/posts"}],"about":[{"href":"https:\/\/cultura.sma.gob.ar\/index.php?rest_route=\/wp\/v2\/types\/post"}],"author":[{"embeddable":true,"href":"https:\/\/cultura.sma.gob.ar\/index.php?rest_route=\/wp\/v2\/users\/1"}],"replies":[{"embeddable":true,"href":"https:\/\/cultura.sma.gob.ar\/index.php?rest_route=%2Fwp%2Fv2%2Fcomments&post=4689"}],"version-history":[{"count":1,"href":"https:\/\/cultura.sma.gob.ar\/index.php?rest_route=\/wp\/v2\/posts\/4689\/revisions"}],"predecessor-version":[{"id":4691,"href":"https:\/\/cultura.sma.gob.ar\/index.php?rest_route=\/wp\/v2\/posts\/4689\/revisions\/4691"}],"wp:featuredmedia":[{"embeddable":true,"href":"https:\/\/cultura.sma.gob.ar\/index.php?rest_route=\/wp\/v2\/media\/296"}],"wp:attachment":[{"href":"https:\/\/cultura.sma.gob.ar\/index.php?rest_route=%2Fwp%2Fv2%2Fmedia&parent=4689"}],"wp:term":[{"taxonomy":"category","embeddable":true,"href":"https:\/\/cultura.sma.gob.ar\/index.php?rest_route=%2Fwp%2Fv2%2Fcategories&post=4689"},{"taxonomy":"post_tag","embeddable":true,"href":"https:\/\/cultura.sma.gob.ar\/index.php?rest_route=%2Fwp%2Fv2%2Ftags&post=4689"}],"curies":[{"name":"wp","href":"https:\/\/api.w.org\/{rel}","templated":true}]}}