{"id":4685,"date":"2023-05-15T09:44:28","date_gmt":"2023-05-15T12:44:28","guid":{"rendered":"http:\/\/cultura.sma.gob.ar\/?p=4685"},"modified":"2023-05-15T09:44:28","modified_gmt":"2023-05-15T12:44:28","slug":"el-charanguista-pachi-herrera-cerrara-la-pena-del-25-de-mayo","status":"publish","type":"post","link":"https:\/\/cultura.sma.gob.ar\/?p=4685","title":{"rendered":"El charanguista Pachi Herrera cerrar\u00e1 la Pe\u00f1a del 25 de Mayo"},"content":{"rendered":"\n<figure class=\"wp-block-image size-large\"><img loading=\"lazy\" decoding=\"async\" width=\"1024\" height=\"1024\" src=\"http:\/\/cultura.sma.gob.ar\/wp-content\/uploads\/2023\/05\/Imagen-de-WhatsApp-2023-05-12-a-las-15.36.45-1024x1024.jpg\" alt=\"\" class=\"wp-image-4686\" srcset=\"https:\/\/cultura.sma.gob.ar\/wp-content\/uploads\/2023\/05\/Imagen-de-WhatsApp-2023-05-12-a-las-15.36.45-1024x1024.jpg 1024w, https:\/\/cultura.sma.gob.ar\/wp-content\/uploads\/2023\/05\/Imagen-de-WhatsApp-2023-05-12-a-las-15.36.45-300x300.jpg 300w, https:\/\/cultura.sma.gob.ar\/wp-content\/uploads\/2023\/05\/Imagen-de-WhatsApp-2023-05-12-a-las-15.36.45-150x150.jpg 150w, https:\/\/cultura.sma.gob.ar\/wp-content\/uploads\/2023\/05\/Imagen-de-WhatsApp-2023-05-12-a-las-15.36.45-768x768.jpg 768w, https:\/\/cultura.sma.gob.ar\/wp-content\/uploads\/2023\/05\/Imagen-de-WhatsApp-2023-05-12-a-las-15.36.45-90x90.jpg 90w, https:\/\/cultura.sma.gob.ar\/wp-content\/uploads\/2023\/05\/Imagen-de-WhatsApp-2023-05-12-a-las-15.36.45.jpg 1080w\" sizes=\"auto, (max-width: 1024px) 100vw, 1024px\" \/><\/figure>\n\n\n\n<p><\/p>\n\n\n\n<p>Organizada por la Secretar\u00eda de Cultura de San Mart\u00edn de los Andes, la \u201cPe\u00f1a del 25 de Mayo\u201d se realizar\u00e1 el mi\u00e9rcoles 24 de mayo, a las 20 hs, en el Gimnasio Chango Soria.El evento incluir\u00e1 la participaci\u00f3n de Fernanda Gazari, Jos\u00e9 Musiquero y sus amigos, Surandes y el Grupo de Danzas Albricias.<\/p>\n\n\n\n<p>Y cerrar\u00e1 con un broche de oro: La actuaci\u00f3n del reconocido charanguista juje\u00f1o Pachi Herrera, que se presentar\u00e1 junto a todos sus m\u00fasicos. La llegada de Pachi Herrera a San Mart\u00edn de los Andes es posible gracias al acompa\u00f1amiento del Ministerio Cultura de la Naci\u00f3n. <\/p>\n\n\n\n<p>Ser\u00e1 una extraordinaria oportunidad para ver en escena a uno de los mayores exponentes de la m\u00fasica popular contempor\u00e1nea. La Pe\u00f1a del 25 de Mayo contar\u00e1 tambi\u00e9n con un buffet de comidas y bebidas, a cargo del Grupo de Danzas Andinas \u201cWara de los Andes\u201d.<\/p>\n\n\n\n<p>Los bonos contribuci\u00f3n de 200 pesos podr\u00e1n adquirirse a partir del mi\u00e9rcoles 17 de mayo, en la Secretar\u00eda de Cultura (Cap. Drury 655), de 9 a 13 y de 15 a 20 hs, y al inicio del evento en la puerta del Gimnasio Chango Soria.<\/p>\n","protected":false},"excerpt":{"rendered":"<p>Organizada por la Secretar\u00eda de Cultura de San Mart\u00edn de los Andes, la \u201cPe\u00f1a del 25 de Mayo\u201d se realizar\u00e1 el mi\u00e9rcoles 24 de mayo, a las 20 hs, en el Gimnasio Chango Soria.El evento incluir\u00e1 la participaci\u00f3n de Fernanda Gazari, Jos\u00e9 Musiquero y sus amigos, Surandes y el Grupo de Danzas Albricias. Y cerrar\u00e1 con un broche de oro: La actuaci\u00f3n del reconocido charanguista &hellip; <a href=\"https:\/\/cultura.sma.gob.ar\/?p=4685\" class=\"more-link\">Continue reading <span class=\"screen-reader-text\">El charanguista Pachi Herrera cerrar\u00e1 la Pe\u00f1a del 25 de Mayo<\/span><\/a><\/p>\n","protected":false},"author":1,"featured_media":296,"comment_status":"closed","ping_status":"","sticky":false,"template":"","format":"image","meta":{"footnotes":""},"categories":[3,9],"tags":[],"class_list":["post-4685","post","type-post","status-publish","format-image","has-post-thumbnail","hentry","category-eventos-cultura","category-ultimas-noticias","post_format-post-format-image"],"_links":{"self":[{"href":"https:\/\/cultura.sma.gob.ar\/index.php?rest_route=\/wp\/v2\/posts\/4685","targetHints":{"allow":["GET"]}}],"collection":[{"href":"https:\/\/cultura.sma.gob.ar\/index.php?rest_route=\/wp\/v2\/posts"}],"about":[{"href":"https:\/\/cultura.sma.gob.ar\/index.php?rest_route=\/wp\/v2\/types\/post"}],"author":[{"embeddable":true,"href":"https:\/\/cultura.sma.gob.ar\/index.php?rest_route=\/wp\/v2\/users\/1"}],"replies":[{"embeddable":true,"href":"https:\/\/cultura.sma.gob.ar\/index.php?rest_route=%2Fwp%2Fv2%2Fcomments&post=4685"}],"version-history":[{"count":1,"href":"https:\/\/cultura.sma.gob.ar\/index.php?rest_route=\/wp\/v2\/posts\/4685\/revisions"}],"predecessor-version":[{"id":4687,"href":"https:\/\/cultura.sma.gob.ar\/index.php?rest_route=\/wp\/v2\/posts\/4685\/revisions\/4687"}],"wp:featuredmedia":[{"embeddable":true,"href":"https:\/\/cultura.sma.gob.ar\/index.php?rest_route=\/wp\/v2\/media\/296"}],"wp:attachment":[{"href":"https:\/\/cultura.sma.gob.ar\/index.php?rest_route=%2Fwp%2Fv2%2Fmedia&parent=4685"}],"wp:term":[{"taxonomy":"category","embeddable":true,"href":"https:\/\/cultura.sma.gob.ar\/index.php?rest_route=%2Fwp%2Fv2%2Fcategories&post=4685"},{"taxonomy":"post_tag","embeddable":true,"href":"https:\/\/cultura.sma.gob.ar\/index.php?rest_route=%2Fwp%2Fv2%2Ftags&post=4685"}],"curies":[{"name":"wp","href":"https:\/\/api.w.org\/{rel}","templated":true}]}}