{"id":468,"date":"2020-10-31T11:01:06","date_gmt":"2020-10-31T14:01:06","guid":{"rendered":"http:\/\/cultura.sma.gob.ar\/?p=468"},"modified":"2020-10-31T11:01:06","modified_gmt":"2020-10-31T14:01:06","slug":"cuento-contigo-espectaculo-de-narracion-oral","status":"publish","type":"post","link":"https:\/\/cultura.sma.gob.ar\/?p=468","title":{"rendered":"Cuento Contigo: espectaculo de narraci\u00f3n oral"},"content":{"rendered":"\n<figure class=\"wp-block-image size-large\"><img loading=\"lazy\" decoding=\"async\" width=\"628\" height=\"353\" src=\"http:\/\/cultura.sma.gob.ar\/wp-content\/uploads\/2020\/10\/Cuento-contigo.-Flyer.jpg\" alt=\"\" class=\"wp-image-469\" srcset=\"https:\/\/cultura.sma.gob.ar\/wp-content\/uploads\/2020\/10\/Cuento-contigo.-Flyer.jpg 628w, https:\/\/cultura.sma.gob.ar\/wp-content\/uploads\/2020\/10\/Cuento-contigo.-Flyer-300x169.jpg 300w, https:\/\/cultura.sma.gob.ar\/wp-content\/uploads\/2020\/10\/Cuento-contigo.-Flyer-160x90.jpg 160w\" sizes=\"auto, (max-width: 628px) 100vw, 628px\" \/><\/figure>\n\n\n\n<p>El pr\u00f3ximo viernes, 06 de noviembre comienza un nuevo mes del Ciclo \u201cVIERNES CULTURALES\u201d y de la mano de los Cuenteros Comunitarios mudamos el Ciclo a nuestra querida y renovada Sala Amankay.<br>A las 20:00hs por el Facebook Live&nbsp;<a href=\"https:\/\/correo.smandes.gov.ar\/owa\/redir.aspx?C=cef1f93d449647959ca328f5e8dbe6ad&amp;URL=https%3a%2f%2fwww.facebook.com%2fcuenterxscomunitarixs\" target=\"_blank\" rel=\"noreferrer noopener\">@Cuenteros Comunitarios SMA<\/a>&nbsp;y por el Instagram de sus participantes, sin p\u00fablico presencial y bajo protocolo sanitario, disfrutaremos \u201cCUENTO CONTIGO: Espect\u00e1culo de Narraci\u00f3n Oral.<\/p>\n\n\n\n<p><strong>\u00bfDe qu\u00e9 se trata?<\/strong><br><em>\u201cEsta cuenteada especial, dirigida a todas las personas, especialmente j\u00f3venes y adultos, \u201cCuento Contigo\u201d, nos trae de nuevo a la ronda de estar en conjunto, para compartir el calor de la compa\u00f1\u00eda, la tranquilidad de sabernos juntas, juntos, m\u00e1s all\u00e1 de toda situaci\u00f3n, y, especialmente, el amor y la sabidur\u00eda que siempre nos traen los Cuentos de tradici\u00f3n Popular\u201d.<\/em><\/p>\n\n\n\n<p>En esta cuenteada compartir\u00e1n diversas historias que llegan desde las culturas del mundo, antiguas, variadas, y que siguen siendo el tesoro de la humanidad, traspasando cualquier tipo de barrera para sanarnos en el encuentro.<br>Pensada especialmente para j\u00f3venes y adultos, \u201cCuento Contigo\u201d es una propuesta del grupo de narraci\u00f3n oral de San Mart\u00edn y Jun\u00edn de los Andes&nbsp;<strong>Cuenteros Comunitarios<\/strong>, grupo que ya tiene casi 10 a\u00f1os de trayectoria sostenida en sus talleres de formaci\u00f3n en narraci\u00f3n oral y en su trabajo como grupo Cuentero Comunitario.<br>Nacido en marzo de 2012 de la mano de Irene Lozza, este grupo, que es una inmensa Tribu, est\u00e1 conformado por much\u00edsimas personas diversas (en edades, formaciones, barrios, profesiones, estilos) que se han sumado a\u00f1o a a\u00f1o a esta propuesta colectiva, gratuita, comunitaria y llena de amor por los Cuentos Populares de tradici\u00f3n oral. Nos une y convoca este fuego: la sabidur\u00eda de los cuentos en su estado m\u00e1s antiguo, colectivo y compartido.<\/p>\n\n\n\n<p><strong>\u00bfC\u00f3mo colaboramos?&nbsp;<\/strong>Compartiendo y escuchando con el mejor o\u00eddo. Adem\u00e1s, con aportes voluntarios v\u00eda Mercado Pago al correo electr\u00f3nico&nbsp;<a href=\"https:\/\/correo.smandes.gov.ar\/owa\/redir.aspx?C=cef1f93d449647959ca328f5e8dbe6ad&amp;URL=mailto%3ajuliakomerovsky%40gmail.com\">juliakomerovsky@gmail.com<\/a><\/p>\n","protected":false},"excerpt":{"rendered":"<p>Viernes 6 de noviembre a las 20hs <a href=\"https:\/\/cultura.sma.gob.ar\/?p=468\" class=\"more-link\">Continue reading <span class=\"screen-reader-text\">Cuento Contigo: espectaculo de narraci\u00f3n oral<\/span><\/a><\/p>\n","protected":false},"author":1,"featured_media":297,"comment_status":"closed","ping_status":"","sticky":false,"template":"","format":"image","meta":{"footnotes":""},"categories":[2],"tags":[],"class_list":["post-468","post","type-post","status-publish","format-image","has-post-thumbnail","hentry","category-ciudad-cultural","post_format-post-format-image"],"_links":{"self":[{"href":"https:\/\/cultura.sma.gob.ar\/index.php?rest_route=\/wp\/v2\/posts\/468","targetHints":{"allow":["GET"]}}],"collection":[{"href":"https:\/\/cultura.sma.gob.ar\/index.php?rest_route=\/wp\/v2\/posts"}],"about":[{"href":"https:\/\/cultura.sma.gob.ar\/index.php?rest_route=\/wp\/v2\/types\/post"}],"author":[{"embeddable":true,"href":"https:\/\/cultura.sma.gob.ar\/index.php?rest_route=\/wp\/v2\/users\/1"}],"replies":[{"embeddable":true,"href":"https:\/\/cultura.sma.gob.ar\/index.php?rest_route=%2Fwp%2Fv2%2Fcomments&post=468"}],"version-history":[{"count":1,"href":"https:\/\/cultura.sma.gob.ar\/index.php?rest_route=\/wp\/v2\/posts\/468\/revisions"}],"predecessor-version":[{"id":470,"href":"https:\/\/cultura.sma.gob.ar\/index.php?rest_route=\/wp\/v2\/posts\/468\/revisions\/470"}],"wp:featuredmedia":[{"embeddable":true,"href":"https:\/\/cultura.sma.gob.ar\/index.php?rest_route=\/wp\/v2\/media\/297"}],"wp:attachment":[{"href":"https:\/\/cultura.sma.gob.ar\/index.php?rest_route=%2Fwp%2Fv2%2Fmedia&parent=468"}],"wp:term":[{"taxonomy":"category","embeddable":true,"href":"https:\/\/cultura.sma.gob.ar\/index.php?rest_route=%2Fwp%2Fv2%2Fcategories&post=468"},{"taxonomy":"post_tag","embeddable":true,"href":"https:\/\/cultura.sma.gob.ar\/index.php?rest_route=%2Fwp%2Fv2%2Ftags&post=468"}],"curies":[{"name":"wp","href":"https:\/\/api.w.org\/{rel}","templated":true}]}}