{"id":4675,"date":"2023-05-09T19:50:25","date_gmt":"2023-05-09T22:50:25","guid":{"rendered":"http:\/\/cultura.sma.gob.ar\/?p=4675"},"modified":"2023-05-10T09:33:40","modified_gmt":"2023-05-10T12:33:40","slug":"comienzan-las-funciones-del-15o-festival-internacional-de-titeres-con-una-obra-para-toda-la-familia","status":"publish","type":"post","link":"https:\/\/cultura.sma.gob.ar\/?p=4675","title":{"rendered":"Comienzan las funciones del 15\u00ba Festival Internacional de T\u00edteres con una obra para toda la familia"},"content":{"rendered":"\n<figure class=\"wp-block-image size-large\"><img loading=\"lazy\" decoding=\"async\" width=\"1024\" height=\"1024\" src=\"http:\/\/cultura.sma.gob.ar\/wp-content\/uploads\/2023\/05\/343640252_252076797280755_7039583426977832284_n-1024x1024.jpg\" alt=\"\" class=\"wp-image-4682\" srcset=\"https:\/\/cultura.sma.gob.ar\/wp-content\/uploads\/2023\/05\/343640252_252076797280755_7039583426977832284_n-1024x1024.jpg 1024w, https:\/\/cultura.sma.gob.ar\/wp-content\/uploads\/2023\/05\/343640252_252076797280755_7039583426977832284_n-300x300.jpg 300w, https:\/\/cultura.sma.gob.ar\/wp-content\/uploads\/2023\/05\/343640252_252076797280755_7039583426977832284_n-150x150.jpg 150w, https:\/\/cultura.sma.gob.ar\/wp-content\/uploads\/2023\/05\/343640252_252076797280755_7039583426977832284_n-768x768.jpg 768w, https:\/\/cultura.sma.gob.ar\/wp-content\/uploads\/2023\/05\/343640252_252076797280755_7039583426977832284_n-90x90.jpg 90w, https:\/\/cultura.sma.gob.ar\/wp-content\/uploads\/2023\/05\/343640252_252076797280755_7039583426977832284_n.jpg 1080w\" sizes=\"auto, (max-width: 1024px) 100vw, 1024px\" \/><\/figure>\n\n\n\n<figure class=\"wp-block-image size-large\"><img loading=\"lazy\" decoding=\"async\" width=\"750\" height=\"500\" src=\"http:\/\/cultura.sma.gob.ar\/wp-content\/uploads\/2023\/05\/donde-esta-borondongo.jpeg\" alt=\"\" class=\"wp-image-4676\" srcset=\"https:\/\/cultura.sma.gob.ar\/wp-content\/uploads\/2023\/05\/donde-esta-borondongo.jpeg 750w, https:\/\/cultura.sma.gob.ar\/wp-content\/uploads\/2023\/05\/donde-esta-borondongo-300x200.jpeg 300w, https:\/\/cultura.sma.gob.ar\/wp-content\/uploads\/2023\/05\/donde-esta-borondongo-135x90.jpeg 135w\" sizes=\"auto, (max-width: 750px) 100vw, 750px\" \/><\/figure>\n\n\n\n<p>La Secretar\u00eda de Cultura de San Mart\u00edn de los Andes y el Grupo &#8221;La Pelela T\u00edteres&#8221; invitan a vecinos y vecinas de la ciudad a la primera funci\u00f3n de t\u00edteres gratuita y apta para todo p\u00fablico este domingo 14 de mayo a las 19 hs. en Espacio Trama.<\/p>\n\n\n\n<p>Se trata de la obra \u201c\u00bfD\u00f3nde est\u00e1 Borondongo?\u201d de la Compa\u00f1\u00eda &#8221;El Alma en un Hilo&#8221; de la provincia de Mendoza.<\/p>\n\n\n\n<p>Las entradas gratuitas estar\u00e1n disponibles para su adquisici\u00f3n en Espacio Trama (Gral. Roca 310) el d\u00eda jueves 11 y viernes 12 de mayo desde las 9 hs, y el d\u00eda domingo 14 desde las 17 hs. Podr\u00e1n retirarse hasta 5 entradas por persona.<\/p>\n\n\n\n<p>Desde el lunes hasta el viernes se realizar\u00e1n las 40 funciones para escuelas y el fin de semana del 20 y 21 habr\u00e1 otras 6 funciones para todo p\u00fablico, con entradas a 200 pesos.<\/p>\n\n\n\n<p>Cabe resaltar que a\u00fan contin\u00faa abierta la inscripci\u00f3n para asistir a las funciones para escuelas y a las visitas guiadas a la muestra \u201cUniversos Paralelos\u201d de Mart\u00edn Villalba en los cupos que a\u00fan quedan disponibles. Para confirmar reservas deben comunicarse al 424-804 de 9 a 20 hs.<\/p>\n","protected":false},"excerpt":{"rendered":"<p>La Secretar\u00eda de Cultura de San Mart\u00edn de los Andes y el Grupo &#8221;La Pelela T\u00edteres&#8221; invitan a vecinos y vecinas de la ciudad a la primera funci\u00f3n de t\u00edteres gratuita y apta para todo p\u00fablico este domingo 14 de mayo a las 19 hs. en Espacio Trama. Se trata de la obra \u201c\u00bfD\u00f3nde est\u00e1 Borondongo?\u201d de la Compa\u00f1\u00eda &#8221;El Alma en un Hilo&#8221; de &hellip; <a href=\"https:\/\/cultura.sma.gob.ar\/?p=4675\" class=\"more-link\">Continue reading <span class=\"screen-reader-text\">Comienzan las funciones del 15\u00ba Festival Internacional de T\u00edteres con una obra para toda la familia<\/span><\/a><\/p>\n","protected":false},"author":1,"featured_media":296,"comment_status":"closed","ping_status":"","sticky":false,"template":"","format":"image","meta":{"footnotes":""},"categories":[3,9],"tags":[],"class_list":["post-4675","post","type-post","status-publish","format-image","has-post-thumbnail","hentry","category-eventos-cultura","category-ultimas-noticias","post_format-post-format-image"],"_links":{"self":[{"href":"https:\/\/cultura.sma.gob.ar\/index.php?rest_route=\/wp\/v2\/posts\/4675","targetHints":{"allow":["GET"]}}],"collection":[{"href":"https:\/\/cultura.sma.gob.ar\/index.php?rest_route=\/wp\/v2\/posts"}],"about":[{"href":"https:\/\/cultura.sma.gob.ar\/index.php?rest_route=\/wp\/v2\/types\/post"}],"author":[{"embeddable":true,"href":"https:\/\/cultura.sma.gob.ar\/index.php?rest_route=\/wp\/v2\/users\/1"}],"replies":[{"embeddable":true,"href":"https:\/\/cultura.sma.gob.ar\/index.php?rest_route=%2Fwp%2Fv2%2Fcomments&post=4675"}],"version-history":[{"count":4,"href":"https:\/\/cultura.sma.gob.ar\/index.php?rest_route=\/wp\/v2\/posts\/4675\/revisions"}],"predecessor-version":[{"id":4683,"href":"https:\/\/cultura.sma.gob.ar\/index.php?rest_route=\/wp\/v2\/posts\/4675\/revisions\/4683"}],"wp:featuredmedia":[{"embeddable":true,"href":"https:\/\/cultura.sma.gob.ar\/index.php?rest_route=\/wp\/v2\/media\/296"}],"wp:attachment":[{"href":"https:\/\/cultura.sma.gob.ar\/index.php?rest_route=%2Fwp%2Fv2%2Fmedia&parent=4675"}],"wp:term":[{"taxonomy":"category","embeddable":true,"href":"https:\/\/cultura.sma.gob.ar\/index.php?rest_route=%2Fwp%2Fv2%2Fcategories&post=4675"},{"taxonomy":"post_tag","embeddable":true,"href":"https:\/\/cultura.sma.gob.ar\/index.php?rest_route=%2Fwp%2Fv2%2Ftags&post=4675"}],"curies":[{"name":"wp","href":"https:\/\/api.w.org\/{rel}","templated":true}]}}