{"id":4671,"date":"2023-05-04T21:45:37","date_gmt":"2023-05-05T00:45:37","guid":{"rendered":"http:\/\/cultura.sma.gob.ar\/?p=4671"},"modified":"2023-05-04T21:45:37","modified_gmt":"2023-05-05T00:45:37","slug":"ciclo-de-cine-auspiciado-por-el-rotary-club-el-color-purpura","status":"publish","type":"post","link":"https:\/\/cultura.sma.gob.ar\/?p=4671","title":{"rendered":"Ciclo de Cine auspiciado por el Rotary Club: &#8221;El color p\u00farpura&#8221;"},"content":{"rendered":"\n<figure class=\"wp-block-image size-large\"><img loading=\"lazy\" decoding=\"async\" width=\"1024\" height=\"576\" src=\"http:\/\/cultura.sma.gob.ar\/wp-content\/uploads\/2023\/05\/purpura.jpg\" alt=\"\" class=\"wp-image-4672\" srcset=\"https:\/\/cultura.sma.gob.ar\/wp-content\/uploads\/2023\/05\/purpura.jpg 1024w, https:\/\/cultura.sma.gob.ar\/wp-content\/uploads\/2023\/05\/purpura-300x169.jpg 300w, https:\/\/cultura.sma.gob.ar\/wp-content\/uploads\/2023\/05\/purpura-768x432.jpg 768w, https:\/\/cultura.sma.gob.ar\/wp-content\/uploads\/2023\/05\/purpura-160x90.jpg 160w\" sizes=\"auto, (max-width: 1024px) 100vw, 1024px\" \/><\/figure>\n\n\n\n<p><strong><u>7ma. TEMPORADA \u2013 A\u00d1O 2023<\/u><\/strong><strong><u>&nbsp;<\/u><\/strong><strong><u>\u2013 CICLO N\u00b0 38<\/u><\/strong><\/p>\n\n\n\n<p><strong>Ciclo de Cine&nbsp;<\/strong><strong>auspiciado por<\/strong><strong>&nbsp;<\/strong><strong>el Rotary Club de San Mart\u00edn de los Andes<\/strong><\/p>\n\n\n\n<p><strong><u>A beneficio de la Secci\u00f3n CUIDADOS PALIATIVOS<\/u><\/strong>&nbsp;<strong>del Hospital Ram\u00f3n Carrillo<\/strong><\/p>\n\n\n\n<p><strong>Mi\u00e9rcoles&nbsp;<\/strong><strong>10<\/strong><strong>&nbsp;<\/strong><strong>de Mayo &nbsp;20<\/strong><strong>.15 hs \u2013 Sala \u201cAmankay\u201d de Cotesma<\/strong><\/p>\n\n\n\n<p><strong><u>Programaci\u00f3n y Presentaci\u00f3n:<\/u><\/strong><strong>&nbsp;Guillermo Ianniello<\/strong><\/p>\n\n\n\n<p>Ciclo&nbsp;<strong>\u201cLA VIDA SIEMPRE BRINDA ESPERANZA\u201d<\/strong><\/p>\n\n\n\n<p><strong><u>\u201cEL COLOR P\u00daRPURA\u201d<\/u><\/strong>.&nbsp;&nbsp;&nbsp;Whoopi Goldberg&nbsp;\u2013 Danny Glover \u2013 Oprah Winfrey \u2013 Dana Ivey<\/p>\n\n\n\n<p>G\u00e9nero: Drama<\/p>\n\n\n\n<p>Direcci\u00f3n: Steven Spielberg<\/p>\n\n\n\n<p>Gui\u00f3n Adaptado: Menno Meyjes<\/p>\n\n\n\n<p>Director de Fotograf\u00eda: Alen Daviau<\/p>\n\n\n\n<p>Banda Sonora: Quincy Jones<\/p>\n\n\n\n<p>Idiomas: Ingl\u00e9s<\/p>\n\n\n\n<p>Subt\u00edtulos en espa\u00f1ol<\/p>\n\n\n\n<p>Pa\u00eds de Origen: Estados Unidos<\/p>\n\n\n\n<p>Productor: Peter Guber<\/p>\n\n\n\n<p>Estudios: Warner Bros.<\/p>\n\n\n\n<p>Lugar de Filmaci\u00f3n: Carolina del Norte &#8211; California<\/p>\n\n\n\n<p>A\u00f1o de Rodaje: 1985<\/p>\n\n\n\n<p>Premios: Mejor Pel\u00edcula \u2013 Mejor Director \u2013 Mejor Banda Sonora &#8211; Mejor Actriz<\/p>\n\n\n\n<p>\u201cEl Color P\u00farpura\u201d es una pel\u00edcula de sentimientos, la vida de una mujer maltratada y falta de afecto que asume su destino con resignaci\u00f3n hasta que otras personas le ense\u00f1an a valorarse, a quererse y a creer en s\u00ed misma.<\/p>\n\n\n\n<p>&nbsp;Para lograr transmitirnos todo eso el director tiene que contar una historia sacando afuera el lado visceral de los personajes, sus sentimientos, y logra conmover muchas veces a lo largo de la pel\u00edcula.<\/p>\n\n\n\n<p>Eso lo consiguen unas actuaciones s\u00f3lidas y brillantes, tanto de Whoopi Goldberg y Danny Glover, me atrever\u00eda a decir que los dos en el mejor papel de sus carreras, como de los secundarios; una fotograf\u00eda impecable, la banda sonora perfecta y una direcci\u00f3n magistral rematan una pel\u00edcula redonda.<\/p>\n\n\n\n<p>Pasar\u00e1n a\u00f1os, pero &#8220;El Color P\u00farpura&#8221; es una pel\u00edcula fiel, sana, llena de optimismo, positiva, ante un mundo cruel y ego\u00edsta, que retrata una realidad social que se da en todas las \u00e9pocas y que jam\u00e1s envejecer\u00e1.<\/p>\n\n\n\n<p>Esto es CINE, con may\u00fasculas\u2026<\/p>\n","protected":false},"excerpt":{"rendered":"<p>7ma. TEMPORADA \u2013 A\u00d1O 2023&nbsp;\u2013 CICLO N\u00b0 38 Ciclo de Cine&nbsp;auspiciado por&nbsp;el Rotary Club de San Mart\u00edn de los Andes A beneficio de la Secci\u00f3n CUIDADOS PALIATIVOS&nbsp;del Hospital Ram\u00f3n Carrillo Mi\u00e9rcoles&nbsp;10&nbsp;de Mayo &nbsp;20.15 hs \u2013 Sala \u201cAmankay\u201d de Cotesma Programaci\u00f3n y Presentaci\u00f3n:&nbsp;Guillermo Ianniello Ciclo&nbsp;\u201cLA VIDA SIEMPRE BRINDA ESPERANZA\u201d \u201cEL COLOR P\u00daRPURA\u201d.&nbsp;&nbsp;&nbsp;Whoopi Goldberg&nbsp;\u2013 Danny Glover \u2013 Oprah Winfrey \u2013 Dana Ivey G\u00e9nero: Drama Direcci\u00f3n: Steven Spielberg &hellip; <a href=\"https:\/\/cultura.sma.gob.ar\/?p=4671\" class=\"more-link\">Continue reading <span class=\"screen-reader-text\">Ciclo de Cine auspiciado por el Rotary Club: &#8221;El color p\u00farpura&#8221;<\/span><\/a><\/p>\n","protected":false},"author":1,"featured_media":297,"comment_status":"closed","ping_status":"","sticky":false,"template":"","format":"image","meta":{"footnotes":""},"categories":[2,9],"tags":[],"class_list":["post-4671","post","type-post","status-publish","format-image","has-post-thumbnail","hentry","category-ciudad-cultural","category-ultimas-noticias","post_format-post-format-image"],"_links":{"self":[{"href":"https:\/\/cultura.sma.gob.ar\/index.php?rest_route=\/wp\/v2\/posts\/4671","targetHints":{"allow":["GET"]}}],"collection":[{"href":"https:\/\/cultura.sma.gob.ar\/index.php?rest_route=\/wp\/v2\/posts"}],"about":[{"href":"https:\/\/cultura.sma.gob.ar\/index.php?rest_route=\/wp\/v2\/types\/post"}],"author":[{"embeddable":true,"href":"https:\/\/cultura.sma.gob.ar\/index.php?rest_route=\/wp\/v2\/users\/1"}],"replies":[{"embeddable":true,"href":"https:\/\/cultura.sma.gob.ar\/index.php?rest_route=%2Fwp%2Fv2%2Fcomments&post=4671"}],"version-history":[{"count":1,"href":"https:\/\/cultura.sma.gob.ar\/index.php?rest_route=\/wp\/v2\/posts\/4671\/revisions"}],"predecessor-version":[{"id":4673,"href":"https:\/\/cultura.sma.gob.ar\/index.php?rest_route=\/wp\/v2\/posts\/4671\/revisions\/4673"}],"wp:featuredmedia":[{"embeddable":true,"href":"https:\/\/cultura.sma.gob.ar\/index.php?rest_route=\/wp\/v2\/media\/297"}],"wp:attachment":[{"href":"https:\/\/cultura.sma.gob.ar\/index.php?rest_route=%2Fwp%2Fv2%2Fmedia&parent=4671"}],"wp:term":[{"taxonomy":"category","embeddable":true,"href":"https:\/\/cultura.sma.gob.ar\/index.php?rest_route=%2Fwp%2Fv2%2Fcategories&post=4671"},{"taxonomy":"post_tag","embeddable":true,"href":"https:\/\/cultura.sma.gob.ar\/index.php?rest_route=%2Fwp%2Fv2%2Ftags&post=4671"}],"curies":[{"name":"wp","href":"https:\/\/api.w.org\/{rel}","templated":true}]}}